{"id":2422,"date":"2026-03-02T14:23:47","date_gmt":"2026-03-02T17:23:47","guid":{"rendered":"https:\/\/viajecastelo.com.br\/?p=2422"},"modified":"2026-03-12T14:54:14","modified_gmt":"2026-03-12T17:54:14","slug":"viacao-castelo-branco-inicia-operacao-que-transporta-mil-colaboradores-por-dia-em-santa-catarina","status":"publish","type":"post","link":"https:\/\/viajecastelo.com.br\/?p=2422","title":{"rendered":"Via\u00e7\u00e3o Castelo Branco inicia opera\u00e7\u00e3o que transporta mil colaboradores por dia em Santa Catarina"},"content":{"rendered":"\n<p class=\"has-medium-font-size\">No dia 14 de outubro de 2024, a Via\u00e7\u00e3o Castelo Branco iniciou uma nova opera\u00e7\u00e3o de fretamento cont\u00ednuo na regi\u00e3o de Santa Catarina, atendendo \u00e0 empresa Seara, na unidade localizada no munic\u00edpio de Seara.<\/p>\n\n\n\n<figure class=\"wp-block-image size-large\"><img loading=\"lazy\" decoding=\"async\" width=\"1024\" height=\"1024\" src=\"https:\/\/viajecastelo.com.br\/v_2018\/wp-content\/uploads\/2026\/03\/WhatsApp-Image-2026-03-12-at-14.52.14-1024x1024.jpeg\" alt=\"\" class=\"wp-image-2434\"\/><\/figure>\n\n\n\n<p class=\"has-medium-font-size\">A opera\u00e7\u00e3o realiza o transporte di\u00e1rio de aproximadamente 1.000 colaboradores, distribu\u00eddos em tr\u00eas turnos de trabalho. O atendimento contempla profissionais residentes nos munic\u00edpios de It\u00e1, Conc\u00f3rdia, Entre Rios, Ponte Serrada, Chapec\u00f3, Xaxim, \u00c1gua Amarela e Paial, al\u00e9m das cidades ga\u00fachas de Nonoai, Itatiba do Sul e Benjamin Constant do Sul.<\/p>\n\n\n\n<p class=\"has-medium-font-size\">A estrutura\u00e7\u00e3o do servi\u00e7o foi planejada com foco em seguran\u00e7a operacional, pontualidade e controle rigoroso dos processos. A empresa mant\u00e9m monitoramento da frota, manuten\u00e7\u00e3o preventiva programada, controle de jornada dos motoristas e capacita\u00e7\u00e3o cont\u00ednua das equipes.<\/p>\n\n\n\n<p class=\"has-medium-font-size\">A nova opera\u00e7\u00e3o amplia a atua\u00e7\u00e3o da Via\u00e7\u00e3o Castelo Branco no transporte corporativo, refor\u00e7ando seu compromisso com qualidade, confiabilidade e preserva\u00e7\u00e3o da vida.<\/p>\n\n\n\n<p class=\"has-medium-font-size\">Esse novo projeto tamb\u00e9m se conecta \u00e0 trajet\u00f3ria constru\u00edda ao longo de d\u00e9cadas pela empresa, marcada pela expans\u00e3o respons\u00e1vel, pelo investimento constante em tecnologia e gest\u00e3o e pela valoriza\u00e7\u00e3o das pessoas. Ao longo de sua hist\u00f3ria, a Via\u00e7\u00e3o Castelo Branco consolidou-se como refer\u00eancia em mobilidade e transporte de passageiros, contribuindo diariamente para o desenvolvimento das regi\u00f5es onde atua e para a seguran\u00e7a de milhares de trabalhadores.<br><br><br><strong>Sobre a Empresa<\/strong><\/p>\n\n\n\n<p class=\"has-medium-font-size\"><strong>Uma hist\u00f3ria de movimento, confian\u00e7a e compromisso com a vida<\/strong><\/p>\n\n\n\n<p class=\"has-medium-font-size\">Fundada em 27 de outubro de 1972, a Via\u00e7\u00e3o Castelo Branco nasceu com o prop\u00f3sito de conectar pessoas e oportunidades por meio do transporte coletivo. Em 1974, a empresa iniciou suas atividades no munic\u00edpio de Quatro Barras, operando inicialmente com uma frota de quatro \u00f4nibus que realizavam o transporte de passageiros at\u00e9 Curitiba, em um per\u00edodo em que o sistema de transporte p\u00fablico ainda dava seus primeiros passos rumo \u00e0 moderniza\u00e7\u00e3o.<\/p>\n\n\n\n<p class=\"has-medium-font-size\">Nos primeiros anos, os pr\u00f3prios fundadores assumiam diversas fun\u00e7\u00f5es dentro da empresa \u2014 atuavam como motoristas, cobradores e gestores \u2014 demonstrando um esp\u00edrito empreendedor marcado pelo trabalho, pela dedica\u00e7\u00e3o e pela proximidade com a comunidade atendida.<\/p>\n\n\n\n<p class=\"has-medium-font-size\">Ao longo das d\u00e9cadas, a Via\u00e7\u00e3o Castelo Branco consolidou sua trajet\u00f3ria com base em princ\u00edpios s\u00f3lidos de responsabilidade, efici\u00eancia operacional e valoriza\u00e7\u00e3o das pessoas. O crescimento da empresa acompanhou a evolu\u00e7\u00e3o da mobilidade urbana e do transporte corporativo, sempre com investimentos em tecnologia, seguran\u00e7a e qualifica\u00e7\u00e3o profissional.<\/p>\n\n\n\n<p class=\"has-medium-font-size\">Hoje, mantendo suas ra\u00edzes familiares e olhando para o futuro, a empresa segue comprometida com a inova\u00e7\u00e3o, com a excel\u00eancia na presta\u00e7\u00e3o de servi\u00e7os e, sobretudo, com a preserva\u00e7\u00e3o da vida \u2014 transportando diariamente milhares de pessoas com seguran\u00e7a, pontualidade e confian\u00e7a.<\/p>\n","protected":false},"excerpt":{"rendered":"<p>Via\u00e7\u00e3o Castelo Branco inicia opera\u00e7\u00e3o que transporta mil colaboradores por dia em Santa Catarina<\/p>\n","protected":false},"author":2,"featured_media":2434,"comment_status":"open","ping_status":"open","sticky":false,"template":"","format":"standard","meta":{"_monsterinsights_skip_tracking":false,"_monsterinsights_sitenote_active":true,"_monsterinsights_sitenote_note":"Published: Via\u00e7\u00e3o Castelo Branco inicia opera\u00e7\u00e3o que transporta mil colaboradores por dia em Santa Catarina","_monsterinsights_sitenote_category":68,"footnotes":""},"categories":[66,65,1],"tags":[],"class_list":["post-2422","post","type-post","status-publish","format-standard","has-post-thumbnail","hentry","category-eventos","category-noticias","category-sem-categoria"],"_links":{"self":[{"href":"https:\/\/viajecastelo.com.br\/index.php?rest_route=\/wp\/v2\/posts\/2422","targetHints":{"allow":["GET"]}}],"collection":[{"href":"https:\/\/viajecastelo.com.br\/index.php?rest_route=\/wp\/v2\/posts"}],"about":[{"href":"https:\/\/viajecastelo.com.br\/index.php?rest_route=\/wp\/v2\/types\/post"}],"author":[{"embeddable":true,"href":"https:\/\/viajecastelo.com.br\/index.php?rest_route=\/wp\/v2\/users\/2"}],"replies":[{"embeddable":true,"href":"https:\/\/viajecastelo.com.br\/index.php?rest_route=%2Fwp%2Fv2%2Fcomments&post=2422"}],"version-history":[{"count":6,"href":"https:\/\/viajecastelo.com.br\/index.php?rest_route=\/wp\/v2\/posts\/2422\/revisions"}],"predecessor-version":[{"id":2435,"href":"https:\/\/viajecastelo.com.br\/index.php?rest_route=\/wp\/v2\/posts\/2422\/revisions\/2435"}],"wp:featuredmedia":[{"embeddable":true,"href":"https:\/\/viajecastelo.com.br\/index.php?rest_route=\/wp\/v2\/media\/2434"}],"wp:attachment":[{"href":"https:\/\/viajecastelo.com.br\/index.php?rest_route=%2Fwp%2Fv2%2Fmedia&parent=2422"}],"wp:term":[{"taxonomy":"category","embeddable":true,"href":"https:\/\/viajecastelo.com.br\/index.php?rest_route=%2Fwp%2Fv2%2Fcategories&post=2422"},{"taxonomy":"post_tag","embeddable":true,"href":"https:\/\/viajecastelo.com.br\/index.php?rest_route=%2Fwp%2Fv2%2Ftags&post=2422"}],"curies":[{"name":"wp","href":"https:\/\/api.w.org\/{rel}","templated":true}]}}