{"id":2287,"date":"2023-09-04T18:32:18","date_gmt":"2023-09-04T21:32:18","guid":{"rendered":"https:\/\/viajecastelo.com.br\/?p=2287"},"modified":"2023-09-05T12:40:03","modified_gmt":"2023-09-05T15:40:03","slug":"alunos-do-colegio-pref-joao-maria-de-barros-visitam-sede-da-viacao-castelo-branco-para-conhecer-a-estrutura-organizacional","status":"publish","type":"post","link":"https:\/\/viajecastelo.com.br\/?p=2287","title":{"rendered":"Alunos do Col\u00e9gio Pref. Jo\u00e3o Maria de Barros visitam Sede da Via\u00e7\u00e3o Castelo Branco para conhecer a estrutura organizacional"},"content":{"rendered":"\n<p class=\"has-small-font-size\">Cerca de 40 alunos do Col\u00e9gio Prefeito Jo\u00e3o Maria de Barros, localizado em Campina Grande do Sul, estiveram visitando as depend\u00eancias da Sede da Via\u00e7\u00e3o Castelo Branco na quinta-feira (31\/08), para conhecer os setores da empresa e tamb\u00e9m saber da rotina di\u00e1ria dos diversos trabalhadores que atuam no transporte p\u00fablico da regi\u00e3o. <\/p>\n\n\n\n<p class=\"has-small-font-size\">O interesse dos estudantes do ensino m\u00e9dio, que tamb\u00e9m fazem o Curso Integrado de T\u00e9cnico em Administra\u00e7\u00e3o, foi saber sobre a estrutura organizacional, bem como a administrativa, da VCB. Os colegiais foram recebidos pelos gestores da empresa Tiago Calistro, Luciano Ruthes, Cristiane Ad\u00e3o, Eva da Silva Brunatto e Patr\u00edcia Cavalheiro que expuseram detalhadamente cada processo que envolve o atendimento ao p\u00fablico, direta e indiretamente. <\/p>\n\n\n\n<p class=\"has-small-font-size\">O destaque do encontro ficou por conta do cuidado e empenho com a opera\u00e7\u00e3o sustent\u00e1vel que a empresa exerce h\u00e1 mais de 10 anos, sendo inclusive certificada pelos \u00f3rg\u00e3os respons\u00e1veis, tanto no controle de emiss\u00f5es veiculares, quanto no manejo e reaproveitamento do uso da \u00e1gua. <br><br>&#8220;\u00c9 satisfat\u00f3rio podermos mostrar o trabalho realizado todos os dias por centenas de colaboradores da VCB para os alunos que, na sua maioria, tamb\u00e9m s\u00e3o usu\u00e1rios do transporte p\u00fablico operado por n\u00f3s&#8221; disse o gerente operacional da institui\u00e7\u00e3o Tiago Calistro. <br><br>Os alunos foram acompanhados pelos professores Tiago Castanho, Ricardo Cordal e Eliane Gris que tamb\u00e9m foi a idealizadora da a\u00e7\u00e3o e coordenadora geral do curso. <\/p>\n\n\n\n<figure class=\"wp-block-gallery has-nested-images columns-default is-cropped wp-block-gallery-1 is-layout-flex wp-block-gallery-is-layout-flex\">\n<figure class=\"wp-block-image size-large\"><img loading=\"lazy\" decoding=\"async\" width=\"1024\" height=\"688\" data-id=\"2297\" src=\"https:\/\/viajecastelo.com.br\/v_2018\/wp-content\/uploads\/2023\/09\/WhatsApp-Image-2023-09-04-at-10.27.22.jpeg\" alt=\"\" class=\"wp-image-2297\"\/><\/figure>\n\n\n\n<figure class=\"wp-block-image size-large\"><img loading=\"lazy\" decoding=\"async\" width=\"1024\" height=\"310\" data-id=\"2296\" src=\"https:\/\/viajecastelo.com.br\/v_2018\/wp-content\/uploads\/2023\/09\/WhatsApp-Image-2023-09-04-at-10.27.21.jpeg\" alt=\"\" class=\"wp-image-2296\"\/><\/figure>\n\n\n\n<figure class=\"wp-block-image size-large\"><img loading=\"lazy\" decoding=\"async\" width=\"1280\" height=\"720\" data-id=\"2295\" src=\"https:\/\/viajecastelo.com.br\/v_2018\/wp-content\/uploads\/2023\/09\/WhatsApp-Image-2023-09-04-at-10.27.19-2.jpeg\" alt=\"\" class=\"wp-image-2295\"\/><\/figure>\n\n\n\n<figure class=\"wp-block-image size-large\"><img loading=\"lazy\" decoding=\"async\" width=\"1019\" height=\"602\" data-id=\"2294\" src=\"https:\/\/viajecastelo.com.br\/v_2018\/wp-content\/uploads\/2023\/09\/WhatsApp-Image-2023-09-04-at-10.27.18-1.jpeg\" alt=\"\" class=\"wp-image-2294\"\/><\/figure>\n\n\n\n<figure class=\"wp-block-image size-large\"><img loading=\"lazy\" decoding=\"async\" width=\"933\" height=\"552\" data-id=\"2293\" src=\"https:\/\/viajecastelo.com.br\/v_2018\/wp-content\/uploads\/2023\/09\/WhatsApp-Image-2023-09-04-at-10.27.17-1.jpeg\" alt=\"\" class=\"wp-image-2293\"\/><\/figure>\n\n\n\n<figure class=\"wp-block-image size-large\"><img loading=\"lazy\" decoding=\"async\" width=\"1264\" height=\"715\" data-id=\"2292\" src=\"https:\/\/viajecastelo.com.br\/v_2018\/wp-content\/uploads\/2023\/09\/WhatsApp-Image-2023-09-04-at-10.27.16.jpeg\" alt=\"\" class=\"wp-image-2292\"\/><\/figure>\n\n\n\n<figure class=\"wp-block-image size-large\"><img loading=\"lazy\" decoding=\"async\" width=\"1280\" height=\"720\" data-id=\"2291\" src=\"https:\/\/viajecastelo.com.br\/v_2018\/wp-content\/uploads\/2023\/09\/WhatsApp-Image-2023-09-04-at-10.27.14.jpeg\" alt=\"\" class=\"wp-image-2291\"\/><\/figure>\n\n\n\n<figure class=\"wp-block-image size-large\"><img loading=\"lazy\" decoding=\"async\" width=\"1280\" height=\"720\" data-id=\"2288\" src=\"https:\/\/viajecastelo.com.br\/v_2018\/wp-content\/uploads\/2023\/09\/WhatsApp-Image-2023-09-04-at-10.27.15.jpeg\" alt=\"\" class=\"wp-image-2288\"\/><\/figure>\n\n\n\n<figure class=\"wp-block-image size-large\"><img loading=\"lazy\" decoding=\"async\" width=\"1157\" height=\"737\" data-id=\"2289\" src=\"https:\/\/viajecastelo.com.br\/v_2018\/wp-content\/uploads\/2023\/09\/WhatsApp-Image-2023-09-04-at-10.27.11.jpeg\" alt=\"\" class=\"wp-image-2289\"\/><\/figure>\n\n\n\n<figure class=\"wp-block-image size-large\"><img loading=\"lazy\" decoding=\"async\" width=\"1280\" height=\"720\" data-id=\"2290\" src=\"https:\/\/viajecastelo.com.br\/v_2018\/wp-content\/uploads\/2023\/09\/WhatsApp-Image-2023-09-04-at-10.27.13-1.jpeg\" alt=\"\" class=\"wp-image-2290\"\/><\/figure>\n<\/figure>\n","protected":false},"excerpt":{"rendered":"<p>Cerca de 40 alunos do Col\u00e9gio Prefeito Jo\u00e3o Maria de Barros, localizado em Campina Grande do Sul, estiveram visitando as depend\u00eancias da Sede da Via\u00e7\u00e3o Castelo Branco na quinta-feira (31\/08), para conhecer os setores da empresa e tamb\u00e9m saber da rotina di\u00e1ria dos diversos trabalhadores que atuam no transporte p\u00fablico da regi\u00e3o. O interesse dos [&hellip;]<\/p>\n","protected":false},"author":2,"featured_media":2288,"comment_status":"open","ping_status":"open","sticky":true,"template":"","format":"standard","meta":{"_monsterinsights_skip_tracking":false,"_monsterinsights_sitenote_active":false,"_monsterinsights_sitenote_note":"","_monsterinsights_sitenote_category":0,"footnotes":""},"categories":[66,65,1],"tags":[],"class_list":["post-2287","post","type-post","status-publish","format-standard","has-post-thumbnail","hentry","category-eventos","category-noticias","category-sem-categoria"],"_links":{"self":[{"href":"https:\/\/viajecastelo.com.br\/index.php?rest_route=\/wp\/v2\/posts\/2287","targetHints":{"allow":["GET"]}}],"collection":[{"href":"https:\/\/viajecastelo.com.br\/index.php?rest_route=\/wp\/v2\/posts"}],"about":[{"href":"https:\/\/viajecastelo.com.br\/index.php?rest_route=\/wp\/v2\/types\/post"}],"author":[{"embeddable":true,"href":"https:\/\/viajecastelo.com.br\/index.php?rest_route=\/wp\/v2\/users\/2"}],"replies":[{"embeddable":true,"href":"https:\/\/viajecastelo.com.br\/index.php?rest_route=%2Fwp%2Fv2%2Fcomments&post=2287"}],"version-history":[{"count":2,"href":"https:\/\/viajecastelo.com.br\/index.php?rest_route=\/wp\/v2\/posts\/2287\/revisions"}],"predecessor-version":[{"id":2300,"href":"https:\/\/viajecastelo.com.br\/index.php?rest_route=\/wp\/v2\/posts\/2287\/revisions\/2300"}],"wp:featuredmedia":[{"embeddable":true,"href":"https:\/\/viajecastelo.com.br\/index.php?rest_route=\/wp\/v2\/media\/2288"}],"wp:attachment":[{"href":"https:\/\/viajecastelo.com.br\/index.php?rest_route=%2Fwp%2Fv2%2Fmedia&parent=2287"}],"wp:term":[{"taxonomy":"category","embeddable":true,"href":"https:\/\/viajecastelo.com.br\/index.php?rest_route=%2Fwp%2Fv2%2Fcategories&post=2287"},{"taxonomy":"post_tag","embeddable":true,"href":"https:\/\/viajecastelo.com.br\/index.php?rest_route=%2Fwp%2Fv2%2Ftags&post=2287"}],"curies":[{"name":"wp","href":"https:\/\/api.w.org\/{rel}","templated":true}]}}