{"id":2271,"date":"2023-03-24T17:11:00","date_gmt":"2023-03-24T20:11:00","guid":{"rendered":"https:\/\/viajecastelo.com.br\/?p=2271"},"modified":"2023-04-27T21:08:40","modified_gmt":"2023-04-28T00:08:40","slug":"viacao-castelo-branco-recebe-selo-de-qualidade-do-programa-despoluir","status":"publish","type":"post","link":"https:\/\/viajecastelo.com.br\/?p=2271","title":{"rendered":"<strong>Via\u00e7\u00e3o Castelo Branco recebe selo de qualidade do Programa Despoluir<\/strong>"},"content":{"rendered":"\n<p id=\"viewer-foo\">A Via\u00e7\u00e3o Castelo Branco conquistou mais uma vez o certificado de empresa 100% comprometida com o Despoluir \u2013 Programa Ambiental do Transporte, que \u00e9 desenvolvido pela CNT e pelo SEST SENAT e tem o objetivo de reduzir a emiss\u00e3o de poluentes pelos ve\u00edculos.<\/p>\n\n\n\n<p id=\"viewer-5d48d\">Desde meados de 2009 a Via\u00e7\u00e3o Castelo Branco est\u00e1 envolvida com este projeto e a partir de 2016 come\u00e7ou a receber os certificados de 100% de comprometimento com a causa.<\/p>\n\n\n\n<figure class=\"wp-block-image size-full\"><img loading=\"lazy\" decoding=\"async\" width=\"1257\" height=\"870\" src=\"https:\/\/viajecastelo.com.br\/v_2018\/wp-content\/uploads\/2023\/03\/WhatsApp-Image-2023-03-22-at-09.57.28.jpeg\" alt=\"\" class=\"wp-image-2272\" srcset=\"https:\/\/viajecastelo.com.br\/v_2018\/wp-content\/uploads\/2023\/03\/WhatsApp-Image-2023-03-22-at-09.57.28.jpeg 1257w, https:\/\/viajecastelo.com.br\/v_2018\/wp-content\/uploads\/2023\/03\/WhatsApp-Image-2023-03-22-at-09.57.28-768x531.jpeg 768w, https:\/\/viajecastelo.com.br\/v_2018\/wp-content\/uploads\/2023\/03\/WhatsApp-Image-2023-03-22-at-09.57.28-600x415.jpeg 600w\" sizes=\"auto, (max-width: 1257px) 100vw, 1257px\" \/><\/figure>\n\n\n\n<p id=\"viewer-dk6v\">Esse e os demais resultados significativos que foram recebidos nos \u00faltimos anos pela empresa s\u00f3 foram poss\u00edveis gra\u00e7as ao trabalho de toda a equipe de manuten\u00e7\u00e3o de frota, que sempre esteve preocupada em oferecer os melhores ve\u00edculos aos usu\u00e1rios, al\u00e9m de estar atuando fortemente em prol de a\u00e7\u00f5es ambientais.<\/p>\n\n\n\n<p id=\"viewer-f2gab\">&#8220;Estamos felizes por cumprir a meta e mais uma vez receber este certificado que nos orgulha tanto, al\u00e9m de contribuir com o meio ambiente&#8221;, disse o diretor da VCB, Ronaldo Bittencourt.<br><\/p>\n\n\n\n<p>O Programa Ambiental do Transporte mudou a cultura do setor transportador no Brasil. H\u00e1 mais de uma d\u00e9cada, incentiva os transportadores a adotarem pr\u00e1ticas ambientalmente respons\u00e1veis e a diminu\u00edrem os impactos na natureza e na <a><\/a>sa\u00fade p\u00fablica, com foco especial na qualidade de vida dos trabalhadores.<\/p>\n\n\n\n<p>Uma das a\u00e7\u00f5es do Despoluir de maior destaque \u00e9 a Avalia\u00e7\u00e3o Veicular Ambiental. Com o prop\u00f3sito de melhorar a qualidade do ar, cuidar da sa\u00fade dos trabalhadores e estimular o uso racional de combust\u00edveis, essa linha de a\u00e7\u00e3o j\u00e1 atendeu cerca de 55 mil transportadores e realizou mais de 3,3\u200b milh\u00f5es de avalia\u00e7\u00f5es veiculares.<\/p>\n\n\n\n<p>Al\u00e9m de contribu\u00edrem para o desenvolvimento sustent\u00e1vel, as atividades do Despoluir tamb\u00e9m colaboram para a redu\u00e7\u00e3o de custos de empresas, caminhoneiros aut\u00f4nomos e taxistas, com a ado\u00e7\u00e3o de procedimentos mais limpos.<\/p>\n\n\n\n<p>Com o Despoluir, os transportadores assumem seu papel na constru\u00e7\u00e3o de um mundo ambientalmente mais equilibrado.<\/p>\n\n\n\n<figure class=\"wp-block-image size-full\"><img loading=\"lazy\" decoding=\"async\" width=\"1600\" height=\"1068\" src=\"https:\/\/viajecastelo.com.br\/v_2018\/wp-content\/uploads\/2023\/03\/337888930_1248429189440457_2181789832121293549_n.jpg\" alt=\"\" class=\"wp-image-2273\" srcset=\"https:\/\/viajecastelo.com.br\/v_2018\/wp-content\/uploads\/2023\/03\/337888930_1248429189440457_2181789832121293549_n.jpg 1600w, https:\/\/viajecastelo.com.br\/v_2018\/wp-content\/uploads\/2023\/03\/337888930_1248429189440457_2181789832121293549_n-768x512.jpg 768w, https:\/\/viajecastelo.com.br\/v_2018\/wp-content\/uploads\/2023\/03\/337888930_1248429189440457_2181789832121293549_n-700x466.jpg 700w, https:\/\/viajecastelo.com.br\/v_2018\/wp-content\/uploads\/2023\/03\/337888930_1248429189440457_2181789832121293549_n-600x400.jpg 600w\" sizes=\"auto, (max-width: 1600px) 100vw, 1600px\" \/><\/figure>\n","protected":false},"excerpt":{"rendered":"<p>A Via\u00e7\u00e3o Castelo Branco conquistou mais uma vez o certificado de empresa 100% comprometida com o Despoluir \u2013 Programa Ambiental do Transporte, que \u00e9 desenvolvido pela CNT e pelo SEST SENAT e tem o objetivo de reduzir a emiss\u00e3o de poluentes pelos ve\u00edculos. Desde meados de 2009 a Via\u00e7\u00e3o Castelo Branco est\u00e1 envolvida com este [&hellip;]<\/p>\n","protected":false},"author":2,"featured_media":2272,"comment_status":"open","ping_status":"open","sticky":false,"template":"","format":"standard","meta":{"_monsterinsights_skip_tracking":false,"_monsterinsights_sitenote_active":false,"_monsterinsights_sitenote_note":"","_monsterinsights_sitenote_category":0,"footnotes":""},"categories":[66,65,1],"tags":[],"class_list":["post-2271","post","type-post","status-publish","format-standard","has-post-thumbnail","hentry","category-eventos","category-noticias","category-sem-categoria"],"_links":{"self":[{"href":"https:\/\/viajecastelo.com.br\/index.php?rest_route=\/wp\/v2\/posts\/2271","targetHints":{"allow":["GET"]}}],"collection":[{"href":"https:\/\/viajecastelo.com.br\/index.php?rest_route=\/wp\/v2\/posts"}],"about":[{"href":"https:\/\/viajecastelo.com.br\/index.php?rest_route=\/wp\/v2\/types\/post"}],"author":[{"embeddable":true,"href":"https:\/\/viajecastelo.com.br\/index.php?rest_route=\/wp\/v2\/users\/2"}],"replies":[{"embeddable":true,"href":"https:\/\/viajecastelo.com.br\/index.php?rest_route=%2Fwp%2Fv2%2Fcomments&post=2271"}],"version-history":[{"count":2,"href":"https:\/\/viajecastelo.com.br\/index.php?rest_route=\/wp\/v2\/posts\/2271\/revisions"}],"predecessor-version":[{"id":2278,"href":"https:\/\/viajecastelo.com.br\/index.php?rest_route=\/wp\/v2\/posts\/2271\/revisions\/2278"}],"wp:featuredmedia":[{"embeddable":true,"href":"https:\/\/viajecastelo.com.br\/index.php?rest_route=\/wp\/v2\/media\/2272"}],"wp:attachment":[{"href":"https:\/\/viajecastelo.com.br\/index.php?rest_route=%2Fwp%2Fv2%2Fmedia&parent=2271"}],"wp:term":[{"taxonomy":"category","embeddable":true,"href":"https:\/\/viajecastelo.com.br\/index.php?rest_route=%2Fwp%2Fv2%2Fcategories&post=2271"},{"taxonomy":"post_tag","embeddable":true,"href":"https:\/\/viajecastelo.com.br\/index.php?rest_route=%2Fwp%2Fv2%2Ftags&post=2271"}],"curies":[{"name":"wp","href":"https:\/\/api.w.org\/{rel}","templated":true}]}}