{"id":2266,"date":"2022-11-15T15:01:39","date_gmt":"2022-11-15T18:01:39","guid":{"rendered":"https:\/\/viajecastelo.com.br\/?p=2266"},"modified":"2023-03-09T15:02:26","modified_gmt":"2023-03-09T18:02:26","slug":"viacao-castelo-branco-comemora-50-anos-de-existencia","status":"publish","type":"post","link":"https:\/\/viajecastelo.com.br\/?p=2266","title":{"rendered":"<strong>Via\u00e7\u00e3o Castelo Branco comemora 50 anos de exist\u00eancia<\/strong>"},"content":{"rendered":"\n<p id=\"viewer-foo\">A Via\u00e7\u00e3o Castelo Branco, empresa que administra o transporte p\u00fablico regional, comemorou seus 50 anos de exist\u00eancia, durante o \u00faltimo domingo (13). O anivers\u00e1rio foi celebrado na sede da empresa, na regi\u00e3o central de Quatro Barras, e contou com a presen\u00e7a de colaboradores e familiares, al\u00e9m de fornecedores, parceiros comerciais, empres\u00e1rios e autoridades.<\/p>\n\n\n\n<p id=\"viewer-biubc\">Fundada em 27 de outubro de 1972, a empresa segue fielmente ao slogan \u201cTradi\u00e7\u00e3o em Servir\u201d e ao longo de sua trajet\u00f3ria j\u00e1 gerou mais de 300 empregos diretos, al\u00e9m de uma centena de empregos indiretos, sendo de grande import\u00e2ncia para a economia local.<\/p>\n\n\n\n<p id=\"viewer-4faug\">Coordenada pela fam\u00edlia Bittencourt, a Via\u00e7\u00e3o Castelo Branco conta com uma hist\u00f3ria de muito trabalho e dedica\u00e7\u00e3o que, hoje, pode ser observada atrav\u00e9s do atendimento aos clientes da empresa e nos ve\u00edculos modernos que comp\u00f5em a sua frota, entre eles, os \u00f4nibus urbanos de diferentes marcas e modelos, como VOLVO, MERCEDES-BENZ, MAN, MARCOPOLO, NEO-BUS, COMIL.<\/p>\n\n\n\n<p id=\"viewer-87a5m\">Todos os carros da Via\u00e7\u00e3o Castelo Branco s\u00e3o formatados nos padr\u00f5es ABNT, NBR e INMETRO, equipados com gerenciamento eletr\u00f4nico, baixa emiss\u00e3o de fuma\u00e7a e acessibilidade e passam anualmente por inspe\u00e7\u00f5es que validam a condi\u00e7\u00e3o de opera\u00e7\u00e3o dos ve\u00edculos, com emiss\u00e3o de selo e certificado veicular, garantindo assim mais seguran\u00e7a e comodidade aos usu\u00e1rios.<\/p>\n\n\n\n<p id=\"viewer-e5p8c\">PARCERIA \u2013 ao longo dos \u00faltimos anos, a Via\u00e7\u00e3o Castelo Branco se tornou uma grande parceira do Portal Linkada News, que completar\u00e1 uma d\u00e9cada em 2023. Como forma de reconhecimento por esse trabalho conjunto, a dire\u00e7\u00e3o do Linkada News gostaria de parabenizar a VCB pelos seus 50 anos de exist\u00eancia, deixando tamb\u00e9m um cumprimento a toda fam\u00edlia Bittencourt e desejando vida longa \u00e0 empresa, que presta um servi\u00e7o t\u00e3o essencial a toda popula\u00e7\u00e3o local.<\/p>\n","protected":false},"excerpt":{"rendered":"<p>A Via\u00e7\u00e3o Castelo Branco, empresa que administra o transporte p\u00fablico regional, comemorou seus 50 anos de exist\u00eancia, durante o \u00faltimo domingo (13). O anivers\u00e1rio foi celebrado na sede da empresa, na regi\u00e3o central de Quatro Barras, e contou com a presen\u00e7a de colaboradores e familiares, al\u00e9m de fornecedores, parceiros comerciais, empres\u00e1rios e autoridades. Fundada em [&hellip;]<\/p>\n","protected":false},"author":2,"featured_media":2267,"comment_status":"open","ping_status":"open","sticky":true,"template":"","format":"standard","meta":{"_monsterinsights_skip_tracking":false,"_monsterinsights_sitenote_active":false,"_monsterinsights_sitenote_note":"","_monsterinsights_sitenote_category":0,"footnotes":""},"categories":[1],"tags":[],"class_list":["post-2266","post","type-post","status-publish","format-standard","has-post-thumbnail","hentry","category-sem-categoria"],"_links":{"self":[{"href":"https:\/\/viajecastelo.com.br\/index.php?rest_route=\/wp\/v2\/posts\/2266","targetHints":{"allow":["GET"]}}],"collection":[{"href":"https:\/\/viajecastelo.com.br\/index.php?rest_route=\/wp\/v2\/posts"}],"about":[{"href":"https:\/\/viajecastelo.com.br\/index.php?rest_route=\/wp\/v2\/types\/post"}],"author":[{"embeddable":true,"href":"https:\/\/viajecastelo.com.br\/index.php?rest_route=\/wp\/v2\/users\/2"}],"replies":[{"embeddable":true,"href":"https:\/\/viajecastelo.com.br\/index.php?rest_route=%2Fwp%2Fv2%2Fcomments&post=2266"}],"version-history":[{"count":1,"href":"https:\/\/viajecastelo.com.br\/index.php?rest_route=\/wp\/v2\/posts\/2266\/revisions"}],"predecessor-version":[{"id":2268,"href":"https:\/\/viajecastelo.com.br\/index.php?rest_route=\/wp\/v2\/posts\/2266\/revisions\/2268"}],"wp:featuredmedia":[{"embeddable":true,"href":"https:\/\/viajecastelo.com.br\/index.php?rest_route=\/wp\/v2\/media\/2267"}],"wp:attachment":[{"href":"https:\/\/viajecastelo.com.br\/index.php?rest_route=%2Fwp%2Fv2%2Fmedia&parent=2266"}],"wp:term":[{"taxonomy":"category","embeddable":true,"href":"https:\/\/viajecastelo.com.br\/index.php?rest_route=%2Fwp%2Fv2%2Fcategories&post=2266"},{"taxonomy":"post_tag","embeddable":true,"href":"https:\/\/viajecastelo.com.br\/index.php?rest_route=%2Fwp%2Fv2%2Ftags&post=2266"}],"curies":[{"name":"wp","href":"https:\/\/api.w.org\/{rel}","templated":true}]}}