{"id":2204,"date":"2021-04-23T18:03:39","date_gmt":"2021-04-23T21:03:39","guid":{"rendered":"https:\/\/viajecastelo.com.br\/?p=2204"},"modified":"2021-04-23T18:03:42","modified_gmt":"2021-04-23T21:03:42","slug":"viacao-castelo-branco-uma-empresa-100-comprometida-com-o-programa-despoluir","status":"publish","type":"post","link":"https:\/\/viajecastelo.com.br\/?p=2204","title":{"rendered":"Via\u00e7\u00e3o Castelo Branco: uma empresa 100% comprometida com o Programa Despoluir"},"content":{"rendered":"\n<p>A Via\u00e7\u00e3o Castelo Branco recebeu, nesta semana, o certificado de empresa 100% comprometida com o Despoluir \u2013 Programa Ambiental do Transporte, que \u00e9 desenvolvido pela CNT e pelo SEST SENAT e tem o objetivo de reduzir a emiss\u00e3o de poluentes pelos ve\u00edculos.<\/p>\n\n\n\n<p>Desde meados de 2009 a Via\u00e7\u00e3o Castelo Branco est\u00e1 envolvida com este projeto e a partir de 2016 come\u00e7ou a receber os certificados de 100% de comprometimento com a causa.<\/p>\n\n\n\n<p>Esse e os demais resultados significativos que foram recebidos nos \u00faltimos anos pela empresa s\u00f3 foram poss\u00edveis gra\u00e7as ao trabalho de toda a equipe de manuten\u00e7\u00e3o de frota, que sempre esteve preocupada em oferecer os melhores ve\u00edculos aos usu\u00e1rios, al\u00e9m de estar atuando fortemente em prol de a\u00e7\u00f5es ambientais.<\/p>\n\n\n\n<div class=\"wp-block-image is-style-default\"><figure class=\"aligncenter size-large is-resized\"><img loading=\"lazy\" decoding=\"async\" src=\"https:\/\/viajecastelo.com.br\/v_2018\/wp-content\/uploads\/2021\/04\/ffffff-1024x1024.jpeg\" alt=\"\" class=\"wp-image-2205\" width=\"368\" height=\"368\" srcset=\"https:\/\/viajecastelo.com.br\/v_2018\/wp-content\/uploads\/2021\/04\/ffffff-1024x1024.jpeg 1024w, https:\/\/viajecastelo.com.br\/v_2018\/wp-content\/uploads\/2021\/04\/ffffff-300x300.jpeg 300w, https:\/\/viajecastelo.com.br\/v_2018\/wp-content\/uploads\/2021\/04\/ffffff-150x150.jpeg 150w, https:\/\/viajecastelo.com.br\/v_2018\/wp-content\/uploads\/2021\/04\/ffffff-1536x1536.jpeg 1536w, https:\/\/viajecastelo.com.br\/v_2018\/wp-content\/uploads\/2021\/04\/ffffff-2048x2048.jpeg 2048w, https:\/\/viajecastelo.com.br\/v_2018\/wp-content\/uploads\/2021\/04\/ffffff-100x100.jpeg 100w\" sizes=\"auto, (max-width: 368px) 100vw, 368px\" \/><\/figure><\/div>\n","protected":false},"excerpt":{"rendered":"<p>A Via\u00e7\u00e3o Castelo Branco recebeu, nesta semana, o certificado de empresa 100% comprometida com o Despoluir \u2013 Programa Ambiental do Transporte, que \u00e9 desenvolvido pela CNT e pelo SEST SENAT e tem o objetivo de reduzir a emiss\u00e3o de poluentes pelos ve\u00edculos. Desde meados de 2009 a Via\u00e7\u00e3o Castelo Branco est\u00e1 envolvida com este projeto [&hellip;]<\/p>\n","protected":false},"author":2,"featured_media":0,"comment_status":"open","ping_status":"open","sticky":false,"template":"","format":"standard","meta":{"_monsterinsights_skip_tracking":false,"_monsterinsights_sitenote_active":false,"_monsterinsights_sitenote_note":"","_monsterinsights_sitenote_category":0,"footnotes":""},"categories":[1],"tags":[],"class_list":["post-2204","post","type-post","status-publish","format-standard","hentry","category-sem-categoria"],"_links":{"self":[{"href":"https:\/\/viajecastelo.com.br\/index.php?rest_route=\/wp\/v2\/posts\/2204","targetHints":{"allow":["GET"]}}],"collection":[{"href":"https:\/\/viajecastelo.com.br\/index.php?rest_route=\/wp\/v2\/posts"}],"about":[{"href":"https:\/\/viajecastelo.com.br\/index.php?rest_route=\/wp\/v2\/types\/post"}],"author":[{"embeddable":true,"href":"https:\/\/viajecastelo.com.br\/index.php?rest_route=\/wp\/v2\/users\/2"}],"replies":[{"embeddable":true,"href":"https:\/\/viajecastelo.com.br\/index.php?rest_route=%2Fwp%2Fv2%2Fcomments&post=2204"}],"version-history":[{"count":1,"href":"https:\/\/viajecastelo.com.br\/index.php?rest_route=\/wp\/v2\/posts\/2204\/revisions"}],"predecessor-version":[{"id":2206,"href":"https:\/\/viajecastelo.com.br\/index.php?rest_route=\/wp\/v2\/posts\/2204\/revisions\/2206"}],"wp:attachment":[{"href":"https:\/\/viajecastelo.com.br\/index.php?rest_route=%2Fwp%2Fv2%2Fmedia&parent=2204"}],"wp:term":[{"taxonomy":"category","embeddable":true,"href":"https:\/\/viajecastelo.com.br\/index.php?rest_route=%2Fwp%2Fv2%2Fcategories&post=2204"},{"taxonomy":"post_tag","embeddable":true,"href":"https:\/\/viajecastelo.com.br\/index.php?rest_route=%2Fwp%2Fv2%2Ftags&post=2204"}],"curies":[{"name":"wp","href":"https:\/\/api.w.org\/{rel}","templated":true}]}}