{"id":2197,"date":"2020-07-20T15:04:41","date_gmt":"2020-07-20T18:04:41","guid":{"rendered":"https:\/\/viajecastelo.com.br\/?p=2197"},"modified":"2020-07-20T17:01:11","modified_gmt":"2020-07-20T20:01:11","slug":"vcb-promove-concurso-cultural-de-conscientizacao-sobre-a-covid-19","status":"publish","type":"post","link":"https:\/\/viajecastelo.com.br\/?p=2197","title":{"rendered":"VCB promove concurso cultural de conscientiza\u00e7\u00e3o sobre a Covid-19"},"content":{"rendered":"\n<p><br>A Via\u00e7\u00e3o Castelo Branco est\u00e1 promovendo um concurso cultural entre os colaboradores da empresa com o intuito de conscientizar, por meio da criatividade, as pessoas sobre o novo coronav\u00edrus e refor\u00e7ando as medidas de como se proteger.<\/p>\n\n\n\n<p><br>A ideia \u00e9 que o colaborador pe\u00e7a para um parente, podendo ser seu filho(a), netos ou sobrinhos e\/ou outro, (de 6 a 12 anos), que fa\u00e7a um desenho representando a conscientiza\u00e7\u00e3o sobre a preven\u00e7\u00e3o da doen\u00e7a, seguindo o que determinam as autoridades de sa\u00fade. Em seguida, o funcion\u00e1rio da VCB deve tirar uma foto do desenho e enviar \u00e0 organiza\u00e7\u00e3o do Concurso Cultural Desenhar e Proteger.<\/p>\n\n\n\n<figure class=\"wp-block-image size-large\"><img loading=\"lazy\" decoding=\"async\" width=\"1024\" height=\"512\" src=\"https:\/\/viajecastelo.com.br\/v_2018\/wp-content\/uploads\/2020\/07\/concurso-capa-1024x512.png\" alt=\"\" class=\"wp-image-2195\" srcset=\"https:\/\/viajecastelo.com.br\/v_2018\/wp-content\/uploads\/2020\/07\/concurso-capa-1024x512.png 1024w, https:\/\/viajecastelo.com.br\/v_2018\/wp-content\/uploads\/2020\/07\/concurso-capa-300x150.png 300w, https:\/\/viajecastelo.com.br\/v_2018\/wp-content\/uploads\/2020\/07\/concurso-capa-768x384.png 768w, https:\/\/viajecastelo.com.br\/v_2018\/wp-content\/uploads\/2020\/07\/concurso-capa-1536x768.png 1536w, https:\/\/viajecastelo.com.br\/v_2018\/wp-content\/uploads\/2020\/07\/concurso-capa-600x300.png 600w, https:\/\/viajecastelo.com.br\/v_2018\/wp-content\/uploads\/2020\/07\/concurso-capa.png 1601w\" sizes=\"auto, (max-width: 1024px) 100vw, 1024px\" \/><\/figure>\n\n\n\n<p><br>Os melhores projetos ser\u00e3o publicados, conforme regulamento, nas redes sociais da Via\u00e7\u00e3o Castelo Branco e o que obtiver mais curtidas ser\u00e1 premiado. As premia\u00e7\u00f5es ser\u00e3o surpresa, por\u00e9m, a respons\u00e1vel pela gest\u00e3o da qualidade seguran\u00e7a do trabalho e meio ambiente da Via\u00e7\u00e3o Castelo Branco, Christiane Ad\u00e3o, adianta que a dire\u00e7\u00e3o da empresa est\u00e1 caprichando. \u201cEstamos empenhados em proporcionar a conscientiza\u00e7\u00e3o em massa e tamb\u00e9m oferecer uma oportunidade das crian\u00e7as, neste caso, os familiares dos colaboradores, mostrarem seu talento e, quem sabe, ganhar um super pr\u00eamio\u201d, disse.Lembrando que o concurso vai at\u00e9 o dia 10 de agosto e os desenhos que j\u00e1 foram enviados \u00e0 organiza\u00e7\u00e3o ser\u00e3o publicados junto com os pr\u00f3ximos recebidos via aplicativo da empresa.<\/p>\n\n\n\n<p><br><strong><em>OUTRAS A\u00c7\u00d5ES<br><\/em><\/strong>Este concurso cultural \u00e9 mais uma a\u00e7\u00e3o de conscientiza\u00e7\u00e3o, entre aquelas interna e externa, desde o in\u00edcio da pandemia, complementando as j\u00e1 em andamento, como por exemplo: a disponibiliza\u00e7\u00e3o de \u00e1lcool em gel para colaboradores e usu\u00e1rios atrav\u00e9s de totens nos terminais e na sede da empresa, al\u00e9m dos frascos dentro do \u00f4nibus; as campanhas nas m\u00eddias digitais da empresa sobre a conscientiza\u00e7\u00e3o geral; a disponibiliza\u00e7\u00e3o e fiscaliza\u00e7\u00e3o do uso de m\u00e1scara e acess\u00f3rios para evitar contamina\u00e7\u00e3o entre os profissionais; a higieniza\u00e7\u00e3o refor\u00e7ada dos \u00f4nibus antes e ap\u00f3s sa\u00edda para realizar itiner\u00e1rios; entre outras.<br><\/p>\n\n\n\n<p>O chefe de Tr\u00e1fego da Via\u00e7\u00e3o Castelo Branco, Luciano Ruthes falou sobre o empenho de todos os setores da empresa neste momento. \u201cA nossa responsabilidade aumentou e muito, mas o desafio est\u00e1 sendo vencido com a colabora\u00e7\u00e3o de todas e todos que trabalham conosco. Tudo isso mantendo nossa tradi\u00e7\u00e3o em servir\u201d, finalizou.<\/p>\n","protected":false},"excerpt":{"rendered":"<p>A Via\u00e7\u00e3o Castelo Branco est\u00e1 promovendo um concurso cultural entre os colaboradores da empresa com o intuito de conscientizar, por meio da criatividade, as pessoas sobre o novo coronav\u00edrus e refor\u00e7ando as medidas de como se proteger. A ideia \u00e9 que o colaborador pe\u00e7a para um parente, podendo ser seu filho(a), netos ou sobrinhos e\/ou [&hellip;]<\/p>\n","protected":false},"author":2,"featured_media":2195,"comment_status":"open","ping_status":"open","sticky":true,"template":"","format":"standard","meta":{"_monsterinsights_skip_tracking":false,"_monsterinsights_sitenote_active":false,"_monsterinsights_sitenote_note":"","_monsterinsights_sitenote_category":0,"footnotes":""},"categories":[66,65,1],"tags":[],"class_list":["post-2197","post","type-post","status-publish","format-standard","has-post-thumbnail","hentry","category-eventos","category-noticias","category-sem-categoria"],"_links":{"self":[{"href":"https:\/\/viajecastelo.com.br\/index.php?rest_route=\/wp\/v2\/posts\/2197","targetHints":{"allow":["GET"]}}],"collection":[{"href":"https:\/\/viajecastelo.com.br\/index.php?rest_route=\/wp\/v2\/posts"}],"about":[{"href":"https:\/\/viajecastelo.com.br\/index.php?rest_route=\/wp\/v2\/types\/post"}],"author":[{"embeddable":true,"href":"https:\/\/viajecastelo.com.br\/index.php?rest_route=\/wp\/v2\/users\/2"}],"replies":[{"embeddable":true,"href":"https:\/\/viajecastelo.com.br\/index.php?rest_route=%2Fwp%2Fv2%2Fcomments&post=2197"}],"version-history":[{"count":1,"href":"https:\/\/viajecastelo.com.br\/index.php?rest_route=\/wp\/v2\/posts\/2197\/revisions"}],"predecessor-version":[{"id":2198,"href":"https:\/\/viajecastelo.com.br\/index.php?rest_route=\/wp\/v2\/posts\/2197\/revisions\/2198"}],"wp:featuredmedia":[{"embeddable":true,"href":"https:\/\/viajecastelo.com.br\/index.php?rest_route=\/wp\/v2\/media\/2195"}],"wp:attachment":[{"href":"https:\/\/viajecastelo.com.br\/index.php?rest_route=%2Fwp%2Fv2%2Fmedia&parent=2197"}],"wp:term":[{"taxonomy":"category","embeddable":true,"href":"https:\/\/viajecastelo.com.br\/index.php?rest_route=%2Fwp%2Fv2%2Fcategories&post=2197"},{"taxonomy":"post_tag","embeddable":true,"href":"https:\/\/viajecastelo.com.br\/index.php?rest_route=%2Fwp%2Fv2%2Ftags&post=2197"}],"curies":[{"name":"wp","href":"https:\/\/api.w.org\/{rel}","templated":true}]}}