{"id":2179,"date":"2019-10-28T14:58:08","date_gmt":"2019-10-28T17:58:08","guid":{"rendered":"http:\/\/viajecastelo.com.br\/?p=2179"},"modified":"2019-11-05T15:04:43","modified_gmt":"2019-11-05T18:04:43","slug":"super-festa-marca-os-47-anos-da-viacao-castelo-branco","status":"publish","type":"post","link":"https:\/\/viajecastelo.com.br\/?p=2179","title":{"rendered":"Super festa marca os 47 anos da Via\u00e7\u00e3o Castelo Branco"},"content":{"rendered":"\n<p>A Via\u00e7\u00e3o Castelo Branco, empresa que administra o transporte p\u00fablico regional, completou 47 anos no \u00faltimo domingo (27), e para comemorar, a dire\u00e7\u00e3o preparou uma super festa para os colaboradores e seus respectivos familiares na Sede da empresa, em Quatro Barras.<\/p>\n\n\n\n<figure class=\"wp-block-image\"><img decoding=\"async\" src=\"https:\/\/static.wixstatic.com\/media\/f25da8_982db0006e464f0e8aa326f4940adb52~mv2_d_3456_2304_s_2.jpg\/v1\/fill\/w_740,h_493,al_c,q_90,usm_0.66_1.00_0.01\/f25da8_982db0006e464f0e8aa326f4940adb52~mv2_d_3456_2304_s_2.jpg\" alt=\"\"\/><\/figure>\n\n\n\n<p>Mais de 250 pessoas estiveram presentes e puderam aproveitar o vasto card\u00e1pio com as deliciosas sobremesas servidas \u00e0 vontade, al\u00e9m das atra\u00e7\u00f5es musicais com a talentos\u00edssima Brenda D&#8217; Angelis acompanhada do astro infantil Leo Marangoni, brinquedos e brincadeiras para toda crian\u00e7ada, sorteio de v\u00e1rios pr\u00eamios para o p\u00fablico e um show especial de MPB.<\/p>\n\n\n\n<p>Juntamente com o anivers\u00e1rio da VCB, a festividade tamb\u00e9m contou com as homenagens aos colaboradores que completaram idade nova em outubro, a\u00e7\u00e3o que \u00e9 uma tradi\u00e7\u00e3o mensal na empresa e que visa reconhecer e incentivar os trabalhadores no seu dia-a-dia, mostrando sua import\u00e2ncia para o sistema do transporte coletivo.<a><\/a><a><\/a><a><\/a><\/p>\n\n\n\n<p>&#8220;Uma empresa familiar que leva a s\u00e9rio o seu slogan que \u00e9 a <strong><em>Tradi\u00e7\u00e3o em Servir<\/em><\/strong>, conta com centenas de colaboradores diretos e indiretos, sendo uma grande empresa que n\u00e3o \u00e9 somente formada pelas dezenas de \u00f4nibus, e sim, por todo o corpo e for\u00e7a de trabalho, isso faz toda diferen\u00e7a&#8221;, <em>disse o gerente operacional Tiago Calistro de Souza<\/em>.<\/p>\n\n\n\n<p>Para o colaborador Fernando Tureck, a VCB \u00e9 a melhor empresa que ele j\u00e1 trabalhou na vida. &#8220;Aqui a gente tem todo apoio de toda dire\u00e7\u00e3o para desenvolver bem nosso trabalho, sendo a melhor empresa em que j\u00e1 trabalhei e pretendo me aposentar por aqui mesmo, empresa s\u00e9ria de credibilidade&#8221;, <em>disse Tureck<\/em>.<\/p>\n\n\n\n<p><strong>QUASE MEIO S\u00c9CULO NO RAMO <\/strong><\/p>\n\n\n\n<p>Fundada em 27 de outubro de 1972, aVia\u00e7\u00e3o Castelo Brancotem sua hist\u00f3ria de muito trabalho e dedica\u00e7\u00e3o por parte da fam\u00edlia que hoje dirige a empresa, se mantendo otimista ao crescimento atrav\u00e9s de suas gera\u00e7\u00f5es presentes e futuras.<\/p>\n\n\n\n<figure class=\"wp-block-image\"><img decoding=\"async\" src=\"https:\/\/static.wixstatic.com\/media\/f25da8_0d9b0141eb44430988e25ff43d428c56~mv2_d_3004_2212_s_2.jpg\/v1\/fill\/w_740,h_545,al_c,q_90,usm_0.66_1.00_0.01\/f25da8_0d9b0141eb44430988e25ff43d428c56~mv2_d_3004_2212_s_2.jpg\" alt=\"\"\/><\/figure>\n\n\n\n<p><br><\/p>\n","protected":false},"excerpt":{"rendered":"<p>A Via\u00e7\u00e3o Castelo Branco, empresa que administra o transporte p\u00fablico regional, completou 47 anos no \u00faltimo domingo (27), e para comemorar, a dire\u00e7\u00e3o preparou uma super festa para os colaboradores e seus respectivos familiares na Sede da empresa, em Quatro Barras. Mais de 250 pessoas estiveram presentes e puderam aproveitar o vasto card\u00e1pio com as [&hellip;]<\/p>\n","protected":false},"author":2,"featured_media":2181,"comment_status":"open","ping_status":"open","sticky":false,"template":"","format":"standard","meta":{"_monsterinsights_skip_tracking":false,"_monsterinsights_sitenote_active":false,"_monsterinsights_sitenote_note":"","_monsterinsights_sitenote_category":0,"footnotes":""},"categories":[66,65,1],"tags":[],"class_list":["post-2179","post","type-post","status-publish","format-standard","has-post-thumbnail","hentry","category-eventos","category-noticias","category-sem-categoria"],"_links":{"self":[{"href":"https:\/\/viajecastelo.com.br\/index.php?rest_route=\/wp\/v2\/posts\/2179","targetHints":{"allow":["GET"]}}],"collection":[{"href":"https:\/\/viajecastelo.com.br\/index.php?rest_route=\/wp\/v2\/posts"}],"about":[{"href":"https:\/\/viajecastelo.com.br\/index.php?rest_route=\/wp\/v2\/types\/post"}],"author":[{"embeddable":true,"href":"https:\/\/viajecastelo.com.br\/index.php?rest_route=\/wp\/v2\/users\/2"}],"replies":[{"embeddable":true,"href":"https:\/\/viajecastelo.com.br\/index.php?rest_route=%2Fwp%2Fv2%2Fcomments&post=2179"}],"version-history":[{"count":1,"href":"https:\/\/viajecastelo.com.br\/index.php?rest_route=\/wp\/v2\/posts\/2179\/revisions"}],"predecessor-version":[{"id":2182,"href":"https:\/\/viajecastelo.com.br\/index.php?rest_route=\/wp\/v2\/posts\/2179\/revisions\/2182"}],"wp:featuredmedia":[{"embeddable":true,"href":"https:\/\/viajecastelo.com.br\/index.php?rest_route=\/wp\/v2\/media\/2181"}],"wp:attachment":[{"href":"https:\/\/viajecastelo.com.br\/index.php?rest_route=%2Fwp%2Fv2%2Fmedia&parent=2179"}],"wp:term":[{"taxonomy":"category","embeddable":true,"href":"https:\/\/viajecastelo.com.br\/index.php?rest_route=%2Fwp%2Fv2%2Fcategories&post=2179"},{"taxonomy":"post_tag","embeddable":true,"href":"https:\/\/viajecastelo.com.br\/index.php?rest_route=%2Fwp%2Fv2%2Ftags&post=2179"}],"curies":[{"name":"wp","href":"https:\/\/api.w.org\/{rel}","templated":true}]}}