{"id":2162,"date":"2019-09-28T19:02:53","date_gmt":"2019-09-28T22:02:53","guid":{"rendered":"http:\/\/viajecastelo.com.br\/?p=2162"},"modified":"2019-10-10T19:35:04","modified_gmt":"2019-10-10T22:35:04","slug":"aniversariantes-de-setembro-comemoram-com-a-vcb","status":"publish","type":"post","link":"https:\/\/viajecastelo.com.br\/?p=2162","title":{"rendered":"Aniversariantes de setembro comemoram com a VCB"},"content":{"rendered":"\n<p>No s\u00e1bado 28 de setembro, o audit\u00f3rio da Via\u00e7\u00e3o Castelo Branco recebeu os colaboradores aniversariantes no m\u00eas de setembro para a homenagem promovida pela dire\u00e7\u00e3o da empresa. <\/p>\n\n\n\n<p>O capricho no preparo da mesa e na recep\u00e7\u00e3o dos nossos colaboradores que completam idade nova foi destaque, al\u00e9m do clima amistoso entre todos os presentes. <\/p>\n\n\n\n<figure class=\"wp-block-image\"><img loading=\"lazy\" decoding=\"async\" width=\"1024\" height=\"1024\" src=\"http:\/\/viajecastelo.com.br\/v_2018\/wp-content\/uploads\/2019\/10\/aniveee-1-1024x1024.jpg\" alt=\"\" class=\"wp-image-2165\" srcset=\"https:\/\/viajecastelo.com.br\/v_2018\/wp-content\/uploads\/2019\/10\/aniveee-1-1024x1024.jpg 1024w, https:\/\/viajecastelo.com.br\/v_2018\/wp-content\/uploads\/2019\/10\/aniveee-1-150x150.jpg 150w, https:\/\/viajecastelo.com.br\/v_2018\/wp-content\/uploads\/2019\/10\/aniveee-1-300x300.jpg 300w, https:\/\/viajecastelo.com.br\/v_2018\/wp-content\/uploads\/2019\/10\/aniveee-1-768x768.jpg 768w, https:\/\/viajecastelo.com.br\/v_2018\/wp-content\/uploads\/2019\/10\/aniveee-1-600x600.jpg 600w, https:\/\/viajecastelo.com.br\/v_2018\/wp-content\/uploads\/2019\/10\/aniveee-1-100x100.jpg 100w, https:\/\/viajecastelo.com.br\/v_2018\/wp-content\/uploads\/2019\/10\/aniveee-1.jpg 960w\" sizes=\"auto, (max-width: 1024px) 100vw, 1024px\" \/><\/figure>\n\n\n\n<p>Confira as fotos em &#8220;<a href=\"https:\/\/www.facebook.com\/media\/set\/?set=a.972773833083338&amp;type=3&amp;__xts__%5B0%5D=68.ARD7-uumjKyY5uu7K89b6PmIsrGmjJ6Tb5RBhqaOtdDAmrgz1Cut4hhBVQvkO9X57c845B7XSp1_MMQFdiA6Ds8n9GBZV6SHjV506Nr7t3rBjerWL3jkDDxmkvGelEAkO4fTwNfXroEBP9WqZ54z9zDiWdJbQeRAirgHxkFnwxGdPYguD2VJzZgUIolVWe-VEeBCUl3xy2dT4faLMyU_zE7wWaa1kUvV4kxJYif-1TxvrfXnlajG1pG5m0kh_8T3NJRckPqeerq8lcyORPev9C7B6FfZvEgSjF-2cUqCLAfwwLkhrhOwzsJ_E9jEPPjm6Rs_aL8qTZSJPeDFmbmAeSy5O05jhC-zG_Ii6p7g5CJ9e3qkL7aA__kVwLiUTbMqidk9PbxtQ22otuu334Mf7zVBiIoSzYnwo88s9lpeTpC_pNEZT9M7cCPnfA-E_OM25PF15ynvmJG0eNDGNrzNK9K34MdTvIkQpJeiaNMGzashxdman22lhtRkJXu6MLm7qasDMaysEcBdywABUOhE29802sD2uFzP1bC4qHg&amp;__tn__=-UC-R\">VCB parabeniza colaboradores aniversariantes de setembro<\/a>&#8220;<\/p>\n","protected":false},"excerpt":{"rendered":"<p>No s\u00e1bado 28 de setembro, o audit\u00f3rio da Via\u00e7\u00e3o Castelo Branco recebeu os colaboradores aniversariantes no m\u00eas de setembro para a homenagem promovida pela dire\u00e7\u00e3o da empresa. O capricho no preparo da mesa e na recep\u00e7\u00e3o dos nossos colaboradores que completam idade nova foi destaque, al\u00e9m do clima amistoso entre todos os presentes. Confira as [&hellip;]<\/p>\n","protected":false},"author":2,"featured_media":0,"comment_status":"open","ping_status":"open","sticky":false,"template":"","format":"standard","meta":{"_monsterinsights_skip_tracking":false,"_monsterinsights_sitenote_active":false,"_monsterinsights_sitenote_note":"","_monsterinsights_sitenote_category":0,"footnotes":""},"categories":[66,65],"tags":[],"class_list":["post-2162","post","type-post","status-publish","format-standard","hentry","category-eventos","category-noticias"],"_links":{"self":[{"href":"https:\/\/viajecastelo.com.br\/index.php?rest_route=\/wp\/v2\/posts\/2162","targetHints":{"allow":["GET"]}}],"collection":[{"href":"https:\/\/viajecastelo.com.br\/index.php?rest_route=\/wp\/v2\/posts"}],"about":[{"href":"https:\/\/viajecastelo.com.br\/index.php?rest_route=\/wp\/v2\/types\/post"}],"author":[{"embeddable":true,"href":"https:\/\/viajecastelo.com.br\/index.php?rest_route=\/wp\/v2\/users\/2"}],"replies":[{"embeddable":true,"href":"https:\/\/viajecastelo.com.br\/index.php?rest_route=%2Fwp%2Fv2%2Fcomments&post=2162"}],"version-history":[{"count":2,"href":"https:\/\/viajecastelo.com.br\/index.php?rest_route=\/wp\/v2\/posts\/2162\/revisions"}],"predecessor-version":[{"id":2168,"href":"https:\/\/viajecastelo.com.br\/index.php?rest_route=\/wp\/v2\/posts\/2162\/revisions\/2168"}],"wp:attachment":[{"href":"https:\/\/viajecastelo.com.br\/index.php?rest_route=%2Fwp%2Fv2%2Fmedia&parent=2162"}],"wp:term":[{"taxonomy":"category","embeddable":true,"href":"https:\/\/viajecastelo.com.br\/index.php?rest_route=%2Fwp%2Fv2%2Fcategories&post=2162"},{"taxonomy":"post_tag","embeddable":true,"href":"https:\/\/viajecastelo.com.br\/index.php?rest_route=%2Fwp%2Fv2%2Ftags&post=2162"}],"curies":[{"name":"wp","href":"https:\/\/api.w.org\/{rel}","templated":true}]}}