{"id":2158,"date":"2019-09-19T18:43:05","date_gmt":"2019-09-19T21:43:05","guid":{"rendered":"http:\/\/viajecastelo.com.br\/?p=2158"},"modified":"2019-10-10T19:33:15","modified_gmt":"2019-10-10T22:33:15","slug":"vcb-em-atencao-da-semana-nacional-do-transito-2019","status":"publish","type":"post","link":"https:\/\/viajecastelo.com.br\/?p=2158","title":{"rendered":"VCB em aten\u00e7\u00e3o da Semana Nacional do Tr\u00e2nsito 2019"},"content":{"rendered":"\n<p><a href=\"https:\/\/www.facebook.com\/hashtag\/empatiaereflex%C3%A3o?source=feed_text&amp;epa=HASHTAG&amp;__xts__%5B0%5D=68.ARAFEtA7NU9ZbF7gmGEALDLvHv_UmXqB_P5Vy9Az_F-QVyQ8VHRqEnZF1Y1aTvo_h8bzkgdVm_ZFoF0ZlmCfaJXVmf_RW6X844BF5_BVJSZSnnFmUokydMKCMulo75huu8cgJMJCpzkALckGOXVN5MeUNGwVSAFVy1tJvyfrEwvakXtd99rSRM_Hcy08gbLz6M5qkTO-4APGYmvbxvkiDq29tCI5XefbHVvTVRgR7fy7JRM25BtZnC1WpkMY2q7uJEeE5TteIxTHduyxCg2XqWEsEm_5OtPugFqpLWChPR4_ScNSqqkbKcJnGNOvtC0jgp2AVFLDsItjj3DLVQmEHl4&amp;__tn__=%2ANK-R\">#EmpatiaEReflex\u00e3o<\/a>&nbsp;<a href=\"https:\/\/www.facebook.com\/hashtag\/tr%C3%A2nsitomaiseguro?source=feed_text&amp;epa=HASHTAG&amp;__xts__%5B0%5D=68.ARAFEtA7NU9ZbF7gmGEALDLvHv_UmXqB_P5Vy9Az_F-QVyQ8VHRqEnZF1Y1aTvo_h8bzkgdVm_ZFoF0ZlmCfaJXVmf_RW6X844BF5_BVJSZSnnFmUokydMKCMulo75huu8cgJMJCpzkALckGOXVN5MeUNGwVSAFVy1tJvyfrEwvakXtd99rSRM_Hcy08gbLz6M5qkTO-4APGYmvbxvkiDq29tCI5XefbHVvTVRgR7fy7JRM25BtZnC1WpkMY2q7uJEeE5TteIxTHduyxCg2XqWEsEm_5OtPugFqpLWChPR4_ScNSqqkbKcJnGNOvtC0jgp2AVFLDsItjj3DLVQmEHl4&amp;__tn__=%2ANK-R\">#Tr\u00e2nsitoMaiSeguro<\/a><\/p>\n\n\n\n<p>Estamos na &#8216;Semana Nacional de Tr\u00e2nsito&#8217;, na qual a&nbsp;<a href=\"https:\/\/www.facebook.com\/CasteloBrancoVCB\/?__tn__=K-R&amp;eid=ARCckYKb1od4VyFByV0K7Ip8mp_ItfrFtLAwGbeqKQo3JhDkbZGK4SRllS0OvrHhHURPwJ5bDPjs7HSW&amp;fref=mentions&amp;__xts__%5B0%5D=68.ARAFEtA7NU9ZbF7gmGEALDLvHv_UmXqB_P5Vy9Az_F-QVyQ8VHRqEnZF1Y1aTvo_h8bzkgdVm_ZFoF0ZlmCfaJXVmf_RW6X844BF5_BVJSZSnnFmUokydMKCMulo75huu8cgJMJCpzkALckGOXVN5MeUNGwVSAFVy1tJvyfrEwvakXtd99rSRM_Hcy08gbLz6M5qkTO-4APGYmvbxvkiDq29tCI5XefbHVvTVRgR7fy7JRM25BtZnC1WpkMY2q7uJEeE5TteIxTHduyxCg2XqWEsEm_5OtPugFqpLWChPR4_ScNSqqkbKcJnGNOvtC0jgp2AVFLDsItjj3DLVQmEHl4\">Via\u00e7\u00e3o Castelo Branco<\/a>&nbsp;vem juntamente com seus colaboradores, celebrar a empatia ao pr\u00f3ximo e provocar a reflex\u00e3o sobre uma nova forma de encarar a mobilidade.<\/p>\n\n\n\n<p>Trata-se de um est\u00edmulo a todos os condutores, seja de caminh\u00f5es, \u00f4nibus, vans, autom\u00f3veis, motocicletas ou bicicletas, e aos pedestres e passageiros, a optarem por um tr\u00e2nsito mais seguro.<\/p>\n\n\n\n<figure class=\"wp-block-image\"><img loading=\"lazy\" decoding=\"async\" width=\"1024\" height=\"1024\" src=\"http:\/\/viajecastelo.com.br\/v_2018\/wp-content\/uploads\/2019\/10\/semana-tr\u00e2nsito-1024x1024.png\" alt=\"\" class=\"wp-image-2159\" srcset=\"https:\/\/viajecastelo.com.br\/v_2018\/wp-content\/uploads\/2019\/10\/semana-tr\u00e2nsito-1024x1024.png 1024w, https:\/\/viajecastelo.com.br\/v_2018\/wp-content\/uploads\/2019\/10\/semana-tr\u00e2nsito-150x150.png 150w, https:\/\/viajecastelo.com.br\/v_2018\/wp-content\/uploads\/2019\/10\/semana-tr\u00e2nsito-300x300.png 300w, https:\/\/viajecastelo.com.br\/v_2018\/wp-content\/uploads\/2019\/10\/semana-tr\u00e2nsito-768x768.png 768w, https:\/\/viajecastelo.com.br\/v_2018\/wp-content\/uploads\/2019\/10\/semana-tr\u00e2nsito-600x600.png 600w, https:\/\/viajecastelo.com.br\/v_2018\/wp-content\/uploads\/2019\/10\/semana-tr\u00e2nsito-100x100.png 100w, https:\/\/viajecastelo.com.br\/v_2018\/wp-content\/uploads\/2019\/10\/semana-tr\u00e2nsito.png 1080w\" sizes=\"auto, (max-width: 1024px) 100vw, 1024px\" \/><\/figure>\n","protected":false},"excerpt":{"rendered":"<p>#EmpatiaEReflex\u00e3o&nbsp;#Tr\u00e2nsitoMaiSeguro Estamos na &#8216;Semana Nacional de Tr\u00e2nsito&#8217;, na qual a&nbsp;Via\u00e7\u00e3o Castelo Branco&nbsp;vem juntamente com seus colaboradores, celebrar a empatia ao pr\u00f3ximo e provocar a reflex\u00e3o sobre uma nova forma de encarar a mobilidade. Trata-se de um est\u00edmulo a todos os condutores, seja de caminh\u00f5es, \u00f4nibus, vans, autom\u00f3veis, motocicletas ou bicicletas, e aos pedestres e passageiros, [&hellip;]<\/p>\n","protected":false},"author":2,"featured_media":0,"comment_status":"open","ping_status":"open","sticky":false,"template":"","format":"standard","meta":{"_monsterinsights_skip_tracking":false,"_monsterinsights_sitenote_active":false,"_monsterinsights_sitenote_note":"","_monsterinsights_sitenote_category":0,"footnotes":""},"categories":[66,65],"tags":[],"class_list":["post-2158","post","type-post","status-publish","format-standard","hentry","category-eventos","category-noticias"],"_links":{"self":[{"href":"https:\/\/viajecastelo.com.br\/index.php?rest_route=\/wp\/v2\/posts\/2158","targetHints":{"allow":["GET"]}}],"collection":[{"href":"https:\/\/viajecastelo.com.br\/index.php?rest_route=\/wp\/v2\/posts"}],"about":[{"href":"https:\/\/viajecastelo.com.br\/index.php?rest_route=\/wp\/v2\/types\/post"}],"author":[{"embeddable":true,"href":"https:\/\/viajecastelo.com.br\/index.php?rest_route=\/wp\/v2\/users\/2"}],"replies":[{"embeddable":true,"href":"https:\/\/viajecastelo.com.br\/index.php?rest_route=%2Fwp%2Fv2%2Fcomments&post=2158"}],"version-history":[{"count":2,"href":"https:\/\/viajecastelo.com.br\/index.php?rest_route=\/wp\/v2\/posts\/2158\/revisions"}],"predecessor-version":[{"id":2161,"href":"https:\/\/viajecastelo.com.br\/index.php?rest_route=\/wp\/v2\/posts\/2158\/revisions\/2161"}],"wp:attachment":[{"href":"https:\/\/viajecastelo.com.br\/index.php?rest_route=%2Fwp%2Fv2%2Fmedia&parent=2158"}],"wp:term":[{"taxonomy":"category","embeddable":true,"href":"https:\/\/viajecastelo.com.br\/index.php?rest_route=%2Fwp%2Fv2%2Fcategories&post=2158"},{"taxonomy":"post_tag","embeddable":true,"href":"https:\/\/viajecastelo.com.br\/index.php?rest_route=%2Fwp%2Fv2%2Ftags&post=2158"}],"curies":[{"name":"wp","href":"https:\/\/api.w.org\/{rel}","templated":true}]}}