{"id":2078,"date":"2019-07-26T22:22:33","date_gmt":"2019-07-27T01:22:33","guid":{"rendered":"http:\/\/viajecastelo.com.br\/?p=2078"},"modified":"2019-08-06T23:41:37","modified_gmt":"2019-08-07T02:41:37","slug":"dia-do-motorista-cafe-com-nossos-profissionais-da-boleia","status":"publish","type":"post","link":"https:\/\/viajecastelo.com.br\/?p=2078","title":{"rendered":"Dia do Motorista: Caf\u00e9 com nossos profissionais da boleia&#8221;"},"content":{"rendered":"\n<p>No dia 25 de julho n\u00f3s comemoramos o Dia do Motorista, e nossa dire\u00e7\u00e3o ofereceu desde \u00e0s 04h da manh\u00e3 um caf\u00e9 refor\u00e7ado aos nossos guerreiros e guerreiras que tem no seu dia-a-dia a responsabilidade de transportar vidas. Fica nossa singela homenagem aos colaboradores.<\/p>\n\n\n\n<p><a href=\"https:\/\/www.facebook.com\/CasteloBrancoVCB\/photos\/?tab=album&amp;album_id=924148047945917\"><strong>CONFIRA \u00c1LBUM DESTE EVENTO CLICANDO AQUI<\/strong><\/a><\/p>\n","protected":false},"excerpt":{"rendered":"<p>No dia 25 de julho n\u00f3s comemoramos o Dia do Motorista, e nossa dire\u00e7\u00e3o ofereceu desde \u00e0s 04h da manh\u00e3 um caf\u00e9 refor\u00e7ado aos nossos guerreiros e guerreiras que tem no seu dia-a-dia a responsabilidade de transportar vidas. Fica nossa singela homenagem aos colaboradores. CONFIRA \u00c1LBUM DESTE EVENTO CLICANDO AQUI<\/p>\n","protected":false},"author":2,"featured_media":2084,"comment_status":"open","ping_status":"open","sticky":false,"template":"","format":"standard","meta":{"_monsterinsights_skip_tracking":false,"_monsterinsights_sitenote_active":false,"_monsterinsights_sitenote_note":"","_monsterinsights_sitenote_category":0,"footnotes":""},"categories":[1],"tags":[],"class_list":["post-2078","post","type-post","status-publish","format-standard","has-post-thumbnail","hentry","category-sem-categoria"],"_links":{"self":[{"href":"https:\/\/viajecastelo.com.br\/index.php?rest_route=\/wp\/v2\/posts\/2078","targetHints":{"allow":["GET"]}}],"collection":[{"href":"https:\/\/viajecastelo.com.br\/index.php?rest_route=\/wp\/v2\/posts"}],"about":[{"href":"https:\/\/viajecastelo.com.br\/index.php?rest_route=\/wp\/v2\/types\/post"}],"author":[{"embeddable":true,"href":"https:\/\/viajecastelo.com.br\/index.php?rest_route=\/wp\/v2\/users\/2"}],"replies":[{"embeddable":true,"href":"https:\/\/viajecastelo.com.br\/index.php?rest_route=%2Fwp%2Fv2%2Fcomments&post=2078"}],"version-history":[{"count":2,"href":"https:\/\/viajecastelo.com.br\/index.php?rest_route=\/wp\/v2\/posts\/2078\/revisions"}],"predecessor-version":[{"id":2092,"href":"https:\/\/viajecastelo.com.br\/index.php?rest_route=\/wp\/v2\/posts\/2078\/revisions\/2092"}],"wp:featuredmedia":[{"embeddable":true,"href":"https:\/\/viajecastelo.com.br\/index.php?rest_route=\/wp\/v2\/media\/2084"}],"wp:attachment":[{"href":"https:\/\/viajecastelo.com.br\/index.php?rest_route=%2Fwp%2Fv2%2Fmedia&parent=2078"}],"wp:term":[{"taxonomy":"category","embeddable":true,"href":"https:\/\/viajecastelo.com.br\/index.php?rest_route=%2Fwp%2Fv2%2Fcategories&post=2078"},{"taxonomy":"post_tag","embeddable":true,"href":"https:\/\/viajecastelo.com.br\/index.php?rest_route=%2Fwp%2Fv2%2Ftags&post=2078"}],"curies":[{"name":"wp","href":"https:\/\/api.w.org\/{rel}","templated":true}]}}