{"id":2058,"date":"2019-07-31T21:40:46","date_gmt":"2019-08-01T00:40:46","guid":{"rendered":"http:\/\/viajecastelo.com.br\/?p=2058"},"modified":"2019-08-06T23:44:13","modified_gmt":"2019-08-07T02:44:13","slug":"vcb-comemora-com-colaboradores-aniversariantes-de-julho","status":"publish","type":"post","link":"https:\/\/viajecastelo.com.br\/?p=2058","title":{"rendered":"VCB comemora com colaboradores aniversariantes de julho"},"content":{"rendered":"\n<p>Todo m\u00eas \u00e9 uma alegria e satisfa\u00e7\u00e3o por parte da dire\u00e7\u00e3o e organizadores do evento que j\u00e1 se tornou tradi\u00e7\u00e3o e que visa homenagear e parabenizar os colaboradores que completam idade nova fazendo parte do nosso quadro de servidores. <\/p>\n\n\n\n<p>Sempre com mimos e um verdadeiro banquete tornamos a data ainda mais especial. \u00c9 assim que seguimos, valorizando nossos profissionais. <\/p>\n\n\n\n<p><a href=\"https:\/\/www.facebook.com\/pg\/CasteloBrancoVCB\/photos\/?tab=album&amp;album_id=926137377746984\"><strong>VEJA AS FOTOS CLICANDO AQUI<\/strong><\/a><\/p>\n","protected":false},"excerpt":{"rendered":"<p>Todo m\u00eas \u00e9 uma alegria e satisfa\u00e7\u00e3o por parte da dire\u00e7\u00e3o e organizadores do evento que j\u00e1 se tornou tradi\u00e7\u00e3o e que visa homenagear e parabenizar os colaboradores que completam idade nova fazendo parte do nosso quadro de servidores. Sempre com mimos e um verdadeiro banquete tornamos a data ainda mais especial. \u00c9 assim que [&hellip;]<\/p>\n","protected":false},"author":2,"featured_media":2066,"comment_status":"open","ping_status":"open","sticky":false,"template":"","format":"standard","meta":{"_monsterinsights_skip_tracking":false,"_monsterinsights_sitenote_active":false,"_monsterinsights_sitenote_note":"","_monsterinsights_sitenote_category":0,"footnotes":""},"categories":[66,65,1],"tags":[],"class_list":["post-2058","post","type-post","status-publish","format-standard","has-post-thumbnail","hentry","category-eventos","category-noticias","category-sem-categoria"],"_links":{"self":[{"href":"https:\/\/viajecastelo.com.br\/index.php?rest_route=\/wp\/v2\/posts\/2058","targetHints":{"allow":["GET"]}}],"collection":[{"href":"https:\/\/viajecastelo.com.br\/index.php?rest_route=\/wp\/v2\/posts"}],"about":[{"href":"https:\/\/viajecastelo.com.br\/index.php?rest_route=\/wp\/v2\/types\/post"}],"author":[{"embeddable":true,"href":"https:\/\/viajecastelo.com.br\/index.php?rest_route=\/wp\/v2\/users\/2"}],"replies":[{"embeddable":true,"href":"https:\/\/viajecastelo.com.br\/index.php?rest_route=%2Fwp%2Fv2%2Fcomments&post=2058"}],"version-history":[{"count":2,"href":"https:\/\/viajecastelo.com.br\/index.php?rest_route=\/wp\/v2\/posts\/2058\/revisions"}],"predecessor-version":[{"id":2093,"href":"https:\/\/viajecastelo.com.br\/index.php?rest_route=\/wp\/v2\/posts\/2058\/revisions\/2093"}],"wp:featuredmedia":[{"embeddable":true,"href":"https:\/\/viajecastelo.com.br\/index.php?rest_route=\/wp\/v2\/media\/2066"}],"wp:attachment":[{"href":"https:\/\/viajecastelo.com.br\/index.php?rest_route=%2Fwp%2Fv2%2Fmedia&parent=2058"}],"wp:term":[{"taxonomy":"category","embeddable":true,"href":"https:\/\/viajecastelo.com.br\/index.php?rest_route=%2Fwp%2Fv2%2Fcategories&post=2058"},{"taxonomy":"post_tag","embeddable":true,"href":"https:\/\/viajecastelo.com.br\/index.php?rest_route=%2Fwp%2Fv2%2Ftags&post=2058"}],"curies":[{"name":"wp","href":"https:\/\/api.w.org\/{rel}","templated":true}]}}