{"id":2041,"date":"2019-05-11T18:22:16","date_gmt":"2019-05-11T21:22:16","guid":{"rendered":"http:\/\/viajecastelo.com.br\/?p=2041"},"modified":"2019-05-11T18:23:02","modified_gmt":"2019-05-11T21:23:02","slug":"vcb-homenageia-colaboradoras-mamaes","status":"publish","type":"post","link":"https:\/\/viajecastelo.com.br\/?p=2041","title":{"rendered":"VCB homenageia colaboradoras mam\u00e3es"},"content":{"rendered":"\n<p>As mam\u00e3es que trabalham na Via\u00e7\u00e3o Castelo Branco receberam um dia inteiro dedicado a homenagens e a\u00e7\u00f5es que promovem a sa\u00fade e beleza das colaboradoras.<\/p>\n\n\n\n<p>O evento aconteceu durante toda sexta-feira (10) no audit\u00f3rio da empresa que proporcionou momentos inesquec\u00edveis e in\u00e9ditos.<\/p>\n\n\n\n<p>As nossas mam\u00e3es tiveram acesso a servi\u00e7os b\u00e1sicos de sa\u00fade com aferimento de press\u00e3o e medi\u00e7\u00e3o de glicemia. Para real\u00e7ar a beleza, as colaboradoras tiveram a disposi\u00e7\u00e3o penteados e consultoria de beleza.<\/p>\n\n\n\n<p>Durante o evento brindes e presentes foram distribu\u00eddos entre as participantes, al\u00e9m de um coquetel oferecido pela dire\u00e7\u00e3o da empresa respons\u00e1vel pela a\u00e7\u00e3o.<\/p>\n\n\n\n<p>O ponto alto que emocionou a todos e todas foi a dedicat\u00f3ria atrav\u00e9s dos v\u00eddeos transmitidos no audit\u00f3rio abordando a import\u00e2ncia da figura da m\u00e3e e o amor que elas merecem.<\/p>\n\n\n\n<p><a href=\"https:\/\/www.facebook.com\/media\/set\/?set=a.869309643429758&amp;type=3&amp;__xts__%5B0%5D=68.ARBjXUxOSu7okRkS1TGv8DUJ0qzEClnPEwHI5SVWkFQyn4dO2oT9lgdQxmtda5BDgQS-umiyQ6vM723SuCZTDkHaCyWvOwoPG6rQPVKEw3UVGozLjLeIAeM6RahPgSqLSfey3w6RupeHqh81j1MdGDgpXNhEjf5WsJ-QLHzJeZiEu3C8VSlKq3WawMJsjaUAdNTb2S__meTs5zr-1s9StCb4_FAuukrsVJSlG_vpDimMyTD8B5B7LTa6tU9cGi-KOFErFA3RsIBoRyx-6-PE0drSK_fghcql3wW0Al3aIHDsdQxonBwQh39kTd_sZTrWzqbSvzb4K-CdylxUHR1pwwyU2hTsLqL2Uzw-WzSzNZmMSWsafQ8k0QzWFTcKDyDtCqMlei6uT-JO99hnmm0fHdJPQDDmCgz6DFOzCuZJLtURbKDxtriYJK_GstiFku7CSuUy1WMmHlAfu36tBtkPAoZ6rnW3fwhLtmcAqB-C6cLd4NvSXYXwIfx20dfhdRTGN_tv0Tio4L5uL3Edc71_KZYFcwNkNC6E5sTRY2w&amp;__tn__=-UC-R\" target=\"_blank\" rel=\"noreferrer noopener\" aria-label=\"Confira as fotos clicando aqui (abre numa nova aba)\">Confira as fotos clicando aqui<\/a><\/p>\n\n\n\n<p>(Fotos: Luis Linkada)<\/p>\n","protected":false},"excerpt":{"rendered":"<p>As mam\u00e3es que trabalham na Via\u00e7\u00e3o Castelo Branco receberam um dia inteiro dedicado a homenagens e a\u00e7\u00f5es que promovem a sa\u00fade e beleza das colaboradoras. O evento aconteceu durante toda sexta-feira (10) no audit\u00f3rio da empresa que proporcionou momentos inesquec\u00edveis e in\u00e9ditos. As nossas mam\u00e3es tiveram acesso a servi\u00e7os b\u00e1sicos de sa\u00fade com aferimento de [&hellip;]<\/p>\n","protected":false},"author":2,"featured_media":2042,"comment_status":"open","ping_status":"open","sticky":false,"template":"","format":"standard","meta":{"_monsterinsights_skip_tracking":false,"_monsterinsights_sitenote_active":false,"_monsterinsights_sitenote_note":"","_monsterinsights_sitenote_category":0,"footnotes":""},"categories":[66,65,1],"tags":[],"class_list":["post-2041","post","type-post","status-publish","format-standard","has-post-thumbnail","hentry","category-eventos","category-noticias","category-sem-categoria"],"_links":{"self":[{"href":"https:\/\/viajecastelo.com.br\/index.php?rest_route=\/wp\/v2\/posts\/2041","targetHints":{"allow":["GET"]}}],"collection":[{"href":"https:\/\/viajecastelo.com.br\/index.php?rest_route=\/wp\/v2\/posts"}],"about":[{"href":"https:\/\/viajecastelo.com.br\/index.php?rest_route=\/wp\/v2\/types\/post"}],"author":[{"embeddable":true,"href":"https:\/\/viajecastelo.com.br\/index.php?rest_route=\/wp\/v2\/users\/2"}],"replies":[{"embeddable":true,"href":"https:\/\/viajecastelo.com.br\/index.php?rest_route=%2Fwp%2Fv2%2Fcomments&post=2041"}],"version-history":[{"count":1,"href":"https:\/\/viajecastelo.com.br\/index.php?rest_route=\/wp\/v2\/posts\/2041\/revisions"}],"predecessor-version":[{"id":2043,"href":"https:\/\/viajecastelo.com.br\/index.php?rest_route=\/wp\/v2\/posts\/2041\/revisions\/2043"}],"wp:featuredmedia":[{"embeddable":true,"href":"https:\/\/viajecastelo.com.br\/index.php?rest_route=\/wp\/v2\/media\/2042"}],"wp:attachment":[{"href":"https:\/\/viajecastelo.com.br\/index.php?rest_route=%2Fwp%2Fv2%2Fmedia&parent=2041"}],"wp:term":[{"taxonomy":"category","embeddable":true,"href":"https:\/\/viajecastelo.com.br\/index.php?rest_route=%2Fwp%2Fv2%2Fcategories&post=2041"},{"taxonomy":"post_tag","embeddable":true,"href":"https:\/\/viajecastelo.com.br\/index.php?rest_route=%2Fwp%2Fv2%2Ftags&post=2041"}],"curies":[{"name":"wp","href":"https:\/\/api.w.org\/{rel}","templated":true}]}}