{"id":1982,"date":"2019-04-20T12:29:15","date_gmt":"2019-04-20T15:29:15","guid":{"rendered":"http:\/\/viajecastelo.com.br\/?p=1982"},"modified":"2019-05-07T12:26:53","modified_gmt":"2019-05-07T15:26:53","slug":"vcb-promove-acoes-de-pascoa-com-doacao-para-apae-e-interatividade-com-colaboradores","status":"publish","type":"post","link":"https:\/\/viajecastelo.com.br\/?p=1982","title":{"rendered":"VCB promove a\u00e7\u00f5es de P\u00e1scoa com doa\u00e7\u00e3o para Apae e interatividade com colaboradores"},"content":{"rendered":"\n<p>A diretoria executiva da Via\u00e7\u00e3o Castelo Branco, empresa que opera o transporte p\u00fablico nas cidades de Campina Grande do Sul e Quatro Barras, promoveu algumas a\u00e7\u00f5es de P\u00e1scoa durante a semana que antecedeu a data festiva religiosa. <\/p>\n\n\n\n<p>Com o espirito de solidariedade, a representante da VCB Cristiane Ad\u00e3o esteve na Sede da Associa\u00e7\u00e3o de Pais e Amigos dos Excepcionais (Apae ) de Campina Grande do Sul para prestigiar uma encena\u00e7\u00e3o sobre os simbolos da P\u00e1scoa especialmente preparada pelos alunos e tamb\u00e9m entregar a doa\u00e7\u00e3o de kits de chocolates doados pela empresa parceira da organiza\u00e7\u00e3o social, que por sua vez, promove a aten\u00e7\u00e3o integral \u00e0 pessoa com defici\u00eancia intelectual e m\u00faltipla.<\/p>\n\n\n\n<p>Na oportunidade, o diretor da Apae Marcos Simioni, fez os agradecimentos e falou sobre a import\u00e2ncia dessas a\u00e7\u00f5es. &#8220;S\u00e3o muitos os estudantes que s\u00e3o beneficiados por essas iniciativas e pelo carinho da Via\u00e7\u00e3o Castelo Branco em todas as a\u00e7\u00f5es ao longo do ano, realmente \u00e9 muito importante e em nome dos estudantes e funcion\u00e1rios agradecemos imensamente&#8221; disse.<a><\/a><a><\/a><a><\/a><a><\/a><\/p>\n\n\n\n<p><strong>P\u00c1SCOA COM COLABORADORES<\/strong><\/p>\n\n\n\n<p>O audit\u00f3rio Edmilton Jos\u00e9 de Melo, que fica nas depend\u00eancias da empresa, ficou lotado de colaboradores de todos os setores para acompanhar a reflex\u00e3o do espirito de P\u00e1scoa ministrada pelo funcion\u00e1rio e te\u00f3logo Paulo Teixeira (Teixerinha) que abordou quest\u00f5es familiares e profissionais que fazem rela\u00e7\u00e3o com a data.<\/p>\n\n\n\n<p>O ponto alto nesse encontro foi a fala do diretor Regis Bittencourt acompanhado da sua esposa Marilis Bittencourt, que emocionou todos os presentes com a leitura das mensagens trocadas com a filha de apenas 15 anos que faleceu neste ano sem causa conhecida. No teor da \u00faltima mensagem deixada pela jovem ao pai, conselhos com doses de \u00e2nimo e otimismo para encarar a vida.<\/p>\n\n\n\n<p>Ao final foi realizado um animado sorteio de cestas de P\u00e1scoa para os funcion\u00e1rios. <\/p>\n","protected":false},"excerpt":{"rendered":"<p>A diretoria executiva da Via\u00e7\u00e3o Castelo Branco, empresa que opera o transporte p\u00fablico nas cidades de Campina Grande do Sul e Quatro Barras, promoveu algumas a\u00e7\u00f5es de P\u00e1scoa durante a semana que antecedeu a data festiva religiosa. Com o espirito de solidariedade, a representante da VCB Cristiane Ad\u00e3o esteve na Sede da Associa\u00e7\u00e3o de Pais [&hellip;]<\/p>\n","protected":false},"author":2,"featured_media":2016,"comment_status":"open","ping_status":"open","sticky":true,"template":"","format":"gallery","meta":{"_monsterinsights_skip_tracking":false,"_monsterinsights_sitenote_active":false,"_monsterinsights_sitenote_note":"","_monsterinsights_sitenote_category":0,"footnotes":""},"categories":[66,65],"tags":[],"class_list":["post-1982","post","type-post","status-publish","format-gallery","has-post-thumbnail","hentry","category-eventos","category-noticias","post_format-post-format-gallery"],"_links":{"self":[{"href":"https:\/\/viajecastelo.com.br\/index.php?rest_route=\/wp\/v2\/posts\/1982","targetHints":{"allow":["GET"]}}],"collection":[{"href":"https:\/\/viajecastelo.com.br\/index.php?rest_route=\/wp\/v2\/posts"}],"about":[{"href":"https:\/\/viajecastelo.com.br\/index.php?rest_route=\/wp\/v2\/types\/post"}],"author":[{"embeddable":true,"href":"https:\/\/viajecastelo.com.br\/index.php?rest_route=\/wp\/v2\/users\/2"}],"replies":[{"embeddable":true,"href":"https:\/\/viajecastelo.com.br\/index.php?rest_route=%2Fwp%2Fv2%2Fcomments&post=1982"}],"version-history":[{"count":1,"href":"https:\/\/viajecastelo.com.br\/index.php?rest_route=\/wp\/v2\/posts\/1982\/revisions"}],"predecessor-version":[{"id":2023,"href":"https:\/\/viajecastelo.com.br\/index.php?rest_route=\/wp\/v2\/posts\/1982\/revisions\/2023"}],"wp:featuredmedia":[{"embeddable":true,"href":"https:\/\/viajecastelo.com.br\/index.php?rest_route=\/wp\/v2\/media\/2016"}],"wp:attachment":[{"href":"https:\/\/viajecastelo.com.br\/index.php?rest_route=%2Fwp%2Fv2%2Fmedia&parent=1982"}],"wp:term":[{"taxonomy":"category","embeddable":true,"href":"https:\/\/viajecastelo.com.br\/index.php?rest_route=%2Fwp%2Fv2%2Fcategories&post=1982"},{"taxonomy":"post_tag","embeddable":true,"href":"https:\/\/viajecastelo.com.br\/index.php?rest_route=%2Fwp%2Fv2%2Ftags&post=1982"}],"curies":[{"name":"wp","href":"https:\/\/api.w.org\/{rel}","templated":true}]}}