{"id":1964,"date":"2019-04-05T10:25:15","date_gmt":"2019-04-05T13:25:15","guid":{"rendered":"http:\/\/viajecastelo.com.br\/?p=1964"},"modified":"2019-05-07T11:44:24","modified_gmt":"2019-05-07T14:44:24","slug":"direcao-da-vcb-promove-evento-para-colaboradores-aniversariantes-do-mes","status":"publish","type":"post","link":"https:\/\/viajecastelo.com.br\/?p=1964","title":{"rendered":"Dire\u00e7\u00e3o da VCB promove evento para colaboradores aniversariantes do m\u00eas"},"content":{"rendered":"\n<p style=\"text-align:left\">Em uma a\u00e7\u00e3o in\u00e9dita, a Via\u00e7\u00e3o Castelo Branco, por meio de sua diretoria, promoveu o caf\u00e9 dos aniversariantes do m\u00eas, evento que deve ser rotina a partir de agora sempre no \u00faltimo dia \u00fatil do m\u00eas. <\/p>\n\n\n\n<p>Na confraterniza\u00e7\u00e3o que aconteceu na \u00faltima sexta-feira (29), os colaboradores que festejaram idade nova em mar\u00e7o puderam degustar v\u00e1rios pratos oferecidos pela empresa, como bolos, torta salgada e alguns chocolates. <\/p>\n\n\n\n<p>A reportagem do Linkada News entrevistou a encarregada de pessoal da empresa, Patr\u00edcia Cavalheiro. Ela afirmou que ao todo eram 27 aniversariantes, mas cerca de 20 compareceu ao evento, que come\u00e7ou \u00e0s 9 horas da manh\u00e3 e terminou por volta das 11 horas. <\/p>\n\n\n\n<p>A funcion\u00e1ria tamb\u00e9m lembrou o motivo de tal confraterniza\u00e7\u00e3o, que vem como uma forma de carinho e reconhecimento aos colaboradores, demonstrando que eles n\u00e3o s\u00e3o apenas funcion\u00e1rios. \u201cSomos uma fam\u00edlia, chamada Fam\u00edlia Castelo Branco. A Via\u00e7\u00e3o Castelo Branco valoriza seus funcion\u00e1rios e quer demonstrar isso\u201d, ressaltou.<\/p>\n\n\n\n<p>Al\u00e9m da comemora\u00e7\u00e3o dos anivers\u00e1rios com in\u00fameros card\u00e1pios, o evento contou com o sorteio de nove brindes aos participantes, que foram doados por com\u00e9rcios parceiros da regi\u00e3o, como a loja de farm\u00e1cias FarmaColl; a \u00d3tica Certa; Cantinho Oriental; e o Portal Linkada News.<\/p>\n","protected":false},"excerpt":{"rendered":"<p>Em uma a\u00e7\u00e3o in\u00e9dita, a Via\u00e7\u00e3o Castelo Branco, por meio de sua diretoria, promoveu o caf\u00e9 dos aniversariantes do m\u00eas, evento que deve ser rotina a partir de agora sempre no \u00faltimo dia \u00fatil do m\u00eas. Na confraterniza\u00e7\u00e3o que aconteceu na \u00faltima sexta-feira (29), os colaboradores que festejaram idade nova em mar\u00e7o puderam degustar v\u00e1rios [&hellip;]<\/p>\n","protected":false},"author":2,"featured_media":1967,"comment_status":"open","ping_status":"open","sticky":false,"template":"","format":"gallery","meta":{"_monsterinsights_skip_tracking":false,"_monsterinsights_sitenote_active":false,"_monsterinsights_sitenote_note":"","_monsterinsights_sitenote_category":0,"footnotes":""},"categories":[66,65],"tags":[],"class_list":["post-1964","post","type-post","status-publish","format-gallery","has-post-thumbnail","hentry","category-eventos","category-noticias","post_format-post-format-gallery"],"_links":{"self":[{"href":"https:\/\/viajecastelo.com.br\/index.php?rest_route=\/wp\/v2\/posts\/1964","targetHints":{"allow":["GET"]}}],"collection":[{"href":"https:\/\/viajecastelo.com.br\/index.php?rest_route=\/wp\/v2\/posts"}],"about":[{"href":"https:\/\/viajecastelo.com.br\/index.php?rest_route=\/wp\/v2\/types\/post"}],"author":[{"embeddable":true,"href":"https:\/\/viajecastelo.com.br\/index.php?rest_route=\/wp\/v2\/users\/2"}],"replies":[{"embeddable":true,"href":"https:\/\/viajecastelo.com.br\/index.php?rest_route=%2Fwp%2Fv2%2Fcomments&post=1964"}],"version-history":[{"count":2,"href":"https:\/\/viajecastelo.com.br\/index.php?rest_route=\/wp\/v2\/posts\/1964\/revisions"}],"predecessor-version":[{"id":2024,"href":"https:\/\/viajecastelo.com.br\/index.php?rest_route=\/wp\/v2\/posts\/1964\/revisions\/2024"}],"wp:featuredmedia":[{"embeddable":true,"href":"https:\/\/viajecastelo.com.br\/index.php?rest_route=\/wp\/v2\/media\/1967"}],"wp:attachment":[{"href":"https:\/\/viajecastelo.com.br\/index.php?rest_route=%2Fwp%2Fv2%2Fmedia&parent=1964"}],"wp:term":[{"taxonomy":"category","embeddable":true,"href":"https:\/\/viajecastelo.com.br\/index.php?rest_route=%2Fwp%2Fv2%2Fcategories&post=1964"},{"taxonomy":"post_tag","embeddable":true,"href":"https:\/\/viajecastelo.com.br\/index.php?rest_route=%2Fwp%2Fv2%2Ftags&post=1964"}],"curies":[{"name":"wp","href":"https:\/\/api.w.org\/{rel}","templated":true}]}}