{"id":1935,"date":"2019-03-27T21:50:56","date_gmt":"2019-03-28T00:50:56","guid":{"rendered":"http:\/\/viajecastelo.com.br\/?p=1935"},"modified":"2019-03-28T14:40:10","modified_gmt":"2019-03-28T17:40:10","slug":"atencao-usuarios-para-as-alteracoes-determinadas-pela-comec-a-partir-de-abriu","status":"publish","type":"post","link":"https:\/\/viajecastelo.com.br\/?p=1935","title":{"rendered":"Aten\u00e7\u00e3o usu\u00e1rios para as altera\u00e7\u00f5es em hor\u00e1rios e rotas determinadas pela Comec a partir de abril"},"content":{"rendered":"\n<p>Cinco linhas do transporte p\u00fablico coletivo somando as de Quatro Barras e Campina Grande do Sul sofrer\u00e3o altera\u00e7\u00f5es a partir de uma determina\u00e7\u00e3o da Coordena\u00e7\u00e3o da Regi\u00e3o Metropolitana de Curitiba (Comec). A informa\u00e7\u00e3o foi anunciada pela Via\u00e7\u00e3o Castelo Branco nesta quarta-feira (27).<\/p>\n\n\n\n<p>As linhas Quatro Barras\/S\u00e3o Pedro, que passa pelo bairro Florestal; Quatro Barras\/Jardim Paulista e Jardim Paulista\/Ro\u00e7a Grande ter\u00e3o altera\u00e7\u00e3o nos hor\u00e1rios de circula\u00e7\u00e3o durante os dias uteis. J\u00e1 a linha Quatro Barras\/Santa C\u00e2ndida ter\u00e1 seu itiner\u00e1rio ampliado e passar\u00e1 a atender os usu\u00e1rios via Hospital Angelina Caron, com novos hor\u00e1rios a partir do dia 2 de abril para os dias uteis, e nos finais de semana, a partir do s\u00e1bado (6) e domingo (7).<\/p>\n\n\n\n<p>Os usu\u00e1rios da linha Borda do Campo\/Guadalupe dever\u00e3o ficar atentos, pois a linha sofrer\u00e1 mudan\u00e7as de hor\u00e1rio de circula\u00e7\u00e3o nos dias \u00fateis a partir do dia 2 de abril e nos finais de semana a partir do s\u00e1bado (6) e domingo (7). Lembrando que aos domingos, este transporte coletivo opera pela linha Curitiba\/Borda do Campo (via Jardim Paulista).<\/p>\n\n\n\n<p>Confira as imagens com os hor\u00e1rios e mapas em <a href=\"http:\/\/www.facebook.com\/CasteloBrancoVCB\">www.facebook.com\/CasteloBrancoVCB<\/a><\/p>\n","protected":false},"excerpt":{"rendered":"<p>Cinco linhas do transporte p\u00fablico coletivo somando as de Quatro Barras e Campina Grande do Sul sofrer\u00e3o altera\u00e7\u00f5es a partir de uma determina\u00e7\u00e3o da Coordena\u00e7\u00e3o da Regi\u00e3o Metropolitana de Curitiba (Comec). A informa\u00e7\u00e3o foi anunciada pela Via\u00e7\u00e3o Castelo Branco nesta quarta-feira (27). As linhas Quatro Barras\/S\u00e3o Pedro, que passa pelo bairro Florestal; Quatro Barras\/Jardim Paulista [&hellip;]<\/p>\n","protected":false},"author":2,"featured_media":1944,"comment_status":"open","ping_status":"open","sticky":false,"template":"","format":"standard","meta":{"_monsterinsights_skip_tracking":false,"_monsterinsights_sitenote_active":false,"_monsterinsights_sitenote_note":"","_monsterinsights_sitenote_category":0,"footnotes":""},"categories":[65,1],"tags":[],"class_list":["post-1935","post","type-post","status-publish","format-standard","has-post-thumbnail","hentry","category-noticias","category-sem-categoria"],"_links":{"self":[{"href":"https:\/\/viajecastelo.com.br\/index.php?rest_route=\/wp\/v2\/posts\/1935","targetHints":{"allow":["GET"]}}],"collection":[{"href":"https:\/\/viajecastelo.com.br\/index.php?rest_route=\/wp\/v2\/posts"}],"about":[{"href":"https:\/\/viajecastelo.com.br\/index.php?rest_route=\/wp\/v2\/types\/post"}],"author":[{"embeddable":true,"href":"https:\/\/viajecastelo.com.br\/index.php?rest_route=\/wp\/v2\/users\/2"}],"replies":[{"embeddable":true,"href":"https:\/\/viajecastelo.com.br\/index.php?rest_route=%2Fwp%2Fv2%2Fcomments&post=1935"}],"version-history":[{"count":4,"href":"https:\/\/viajecastelo.com.br\/index.php?rest_route=\/wp\/v2\/posts\/1935\/revisions"}],"predecessor-version":[{"id":1949,"href":"https:\/\/viajecastelo.com.br\/index.php?rest_route=\/wp\/v2\/posts\/1935\/revisions\/1949"}],"wp:featuredmedia":[{"embeddable":true,"href":"https:\/\/viajecastelo.com.br\/index.php?rest_route=\/wp\/v2\/media\/1944"}],"wp:attachment":[{"href":"https:\/\/viajecastelo.com.br\/index.php?rest_route=%2Fwp%2Fv2%2Fmedia&parent=1935"}],"wp:term":[{"taxonomy":"category","embeddable":true,"href":"https:\/\/viajecastelo.com.br\/index.php?rest_route=%2Fwp%2Fv2%2Fcategories&post=1935"},{"taxonomy":"post_tag","embeddable":true,"href":"https:\/\/viajecastelo.com.br\/index.php?rest_route=%2Fwp%2Fv2%2Ftags&post=1935"}],"curies":[{"name":"wp","href":"https:\/\/api.w.org\/{rel}","templated":true}]}}