{"id":1906,"date":"2019-02-20T14:26:21","date_gmt":"2019-02-20T17:26:21","guid":{"rendered":"http:\/\/viajecastelo.com.br\/?p=1906"},"modified":"2019-03-25T11:56:57","modified_gmt":"2019-03-25T14:56:57","slug":"em-parceria-viacao-castelo-branco-promove-acao-em-prol-das-familias-de-guaratuba","status":"publish","type":"post","link":"https:\/\/viajecastelo.com.br\/?p=1906","title":{"rendered":"Em parceria, Via\u00e7\u00e3o Castelo Branco promove a\u00e7\u00e3o em prol das fam\u00edlias de Guaratuba"},"content":{"rendered":"<p class=\"XzvDs _208Ie _3_7DB blog-post-text-font blog-post-text-color _1iXso _3lTnu _3_7DB\">A forte chuva que atingiu Guaratuba, no litoral do Paran\u00e1 acabou deixando muitos moradores desabrigados e ruas alagadas. De acordo com o Simepar, o acumulado de chuvas de sexta-feira (15) a domingo chegou a 196 mil\u00edmetros, 60% da m\u00e9dia prevista para o m\u00eas de fevereiro. Ao todo 1,2 mil resid\u00eancias e cerca de 5,5 mil pessoas foram afetadas.<\/p>\n<p class=\"XzvDs _208Ie _3_7DB blog-post-text-font blog-post-text-color _1iXso _3lTnu _3_7DB\">Conforme informa\u00e7\u00f5es divulgadas pela Defesa Civil Estadual, at\u00e9 o final da manh\u00e3 de ontem, segunda-feira (18), 50 pessoas ainda estavam desalojadas e 150 desabrigadas. Os desabrigados est\u00e3o no Gin\u00e1sio Municipal Jos\u00e9 Richa e recebem aux\u00edlio da Defesa Civil Municipal, Defesa Civil Regional e do Corpo de Bombeiros.<\/p>\n<p class=\"XzvDs _208Ie _3_7DB blog-post-text-font blog-post-text-color _1iXso _3lTnu _3_7DB\">Por causa desta situa\u00e7\u00e3o, in\u00fameras doa\u00e7\u00f5es est\u00e3o sendo feitas para ajudar os moradores a recuperar o que foi perdido durante a enchente que a atingiu o munic\u00edpio. Um dos locais que se mobilizou para coletar materiais e enviar para o litoral paranaense foi a Via\u00e7\u00e3o Castelo Branco em parceria com o Ponto X Servi\u00e7os Automotivos.<\/p>\n<p class=\"XzvDs _208Ie _3_7DB blog-post-text-font blog-post-text-color _1iXso _3lTnu _3_7DB\">\u201cN\u00f3s do Ponto X estamos fragilizados com a situa\u00e7\u00e3o ocorrida em Guaratuba e abrimos um posto de coleta para ajuda aos prejudicados pelo alagamento. Solicitamos a todos que puderem ajudar com alimentos n\u00e3o perec\u00edveis, produtos de limpeza, \u00e1gua sanit\u00e1ria, vassouras e panos\u201d, informou a ger\u00eancia da empresa.<\/p>\n<p class=\"XzvDs _208Ie _3_7DB blog-post-text-font blog-post-text-color _1iXso _3lTnu _3_7DB\">O Diretor da Via\u00e7\u00e3o Castelo Branco, Ronaldo Bittencourt concedeu uma entrevista ao Linkada News e comentou que o mutir\u00e3o de arrecada\u00e7\u00f5es come\u00e7ou ontem, segunda-feira (17) junto com o Ponto X. Al\u00e9m disso, ele ressaltou a relev\u00e2ncia de uma a\u00e7\u00e3o como esta para a empresa. \u201cSignifica praticar realmente o sentido de comunidade. O pouco que podemos oferecer, \u00e0s vezes, \u00e9 tudo para quem recebe. Quanto mais gente se sensibilizar e ajudar, menor ser\u00e1 o sofrimento destas pessoas\u201d, disse.<\/p>\n<p class=\"XzvDs _208Ie _3_7DB blog-post-text-font blog-post-text-color _1iXso _3lTnu _3_7DB\">Quem quiser colaborar, basta ir at\u00e9 a sede da Via\u00e7\u00e3o Castelo Branco, onde est\u00e3o sendo recolhidas as doa\u00e7\u00f5es at\u00e9 as 16h da pr\u00f3xima sexta-feira (22) ou ent\u00e3o at\u00e9 o Ponto X Servi\u00e7os Automotivos, das 8h30 \u00e0s 18h at\u00e9 quinta-feira e na sexta-feira at\u00e9 o meio dia.<\/p>\n<div class=\"XzvDs _208Ie _3_7DB blog-post-text-font blog-post-text-color\"><\/div>\n<p class=\"XzvDs _208Ie _3_7DB blog-post-text-font blog-post-text-color _1iXso _3lTnu _3_7DB\"><strong>SERVI\u00c7O:<\/strong><\/p>\n<p class=\"XzvDs _208Ie _3_7DB blog-post-text-font blog-post-text-color _1iXso _3lTnu _3_7DB\"><em>Doa\u00e7\u00f5es Via\u00e7\u00e3o Castelo Branco<\/em><\/p>\n<p class=\"XzvDs _208Ie _3_7DB blog-post-text-font blog-post-text-color _1iXso _3lTnu _3_7DB\">Endere\u00e7o: Rua Alberto Santos Dumont, 15 &#8211; Centro, Quatro Barras<\/p>\n<p class=\"XzvDs _208Ie _3_7DB blog-post-text-font blog-post-text-color _1iXso _3lTnu _3_7DB\">Telefone: (41) 3672-1492<\/p>\n<div class=\"XzvDs _208Ie _3_7DB blog-post-text-font blog-post-text-color\"><\/div>\n<p class=\"XzvDs _208Ie _3_7DB blog-post-text-font blog-post-text-color _1iXso _3lTnu _3_7DB\"><em>Doa\u00e7\u00f5es Ponto X Servi\u00e7os Automotivos<\/em><\/p>\n<p class=\"XzvDs _208Ie _3_7DB blog-post-text-font blog-post-text-color _1iXso _3lTnu _3_7DB\">Endere\u00e7o: Rua Fagundes Varela, 301, Curitiba<\/p>\n<p class=\"XzvDs _208Ie _3_7DB blog-post-text-font blog-post-text-color _1iXso _3lTnu _3_7DB\">Telefone: (41) 3262-8643<\/p>\n<div class=\"XzvDs _208Ie _3_7DB blog-post-text-font blog-post-text-color\"><\/div>\n<p class=\"XzvDs _208Ie _3_7DB blog-post-text-font blog-post-text-color _2p1aK _158eo _3_7DB\"><em>(Foto: Divulga\u00e7\u00e3o\/Ag\u00eancia Estadual de Not\u00edcias)<\/em><\/p>\n","protected":false},"excerpt":{"rendered":"<p>A forte chuva que atingiu Guaratuba, no litoral do Paran\u00e1 acabou deixando muitos moradores desabrigados e ruas alagadas. De acordo com o Simepar, o acumulado de chuvas de sexta-feira (15) a domingo chegou a 196 mil\u00edmetros, 60% da m\u00e9dia prevista para o m\u00eas de fevereiro. Ao todo 1,2 mil resid\u00eancias e cerca de 5,5 mil [&hellip;]<\/p>\n","protected":false},"author":2,"featured_media":1907,"comment_status":"open","ping_status":"open","sticky":false,"template":"","format":"image","meta":{"_monsterinsights_skip_tracking":false,"_monsterinsights_sitenote_active":false,"_monsterinsights_sitenote_note":"","_monsterinsights_sitenote_category":0,"footnotes":""},"categories":[65,1],"tags":[],"class_list":["post-1906","post","type-post","status-publish","format-image","has-post-thumbnail","hentry","category-noticias","category-sem-categoria","post_format-post-format-image"],"_links":{"self":[{"href":"https:\/\/viajecastelo.com.br\/index.php?rest_route=\/wp\/v2\/posts\/1906","targetHints":{"allow":["GET"]}}],"collection":[{"href":"https:\/\/viajecastelo.com.br\/index.php?rest_route=\/wp\/v2\/posts"}],"about":[{"href":"https:\/\/viajecastelo.com.br\/index.php?rest_route=\/wp\/v2\/types\/post"}],"author":[{"embeddable":true,"href":"https:\/\/viajecastelo.com.br\/index.php?rest_route=\/wp\/v2\/users\/2"}],"replies":[{"embeddable":true,"href":"https:\/\/viajecastelo.com.br\/index.php?rest_route=%2Fwp%2Fv2%2Fcomments&post=1906"}],"version-history":[{"count":1,"href":"https:\/\/viajecastelo.com.br\/index.php?rest_route=\/wp\/v2\/posts\/1906\/revisions"}],"predecessor-version":[{"id":1908,"href":"https:\/\/viajecastelo.com.br\/index.php?rest_route=\/wp\/v2\/posts\/1906\/revisions\/1908"}],"wp:featuredmedia":[{"embeddable":true,"href":"https:\/\/viajecastelo.com.br\/index.php?rest_route=\/wp\/v2\/media\/1907"}],"wp:attachment":[{"href":"https:\/\/viajecastelo.com.br\/index.php?rest_route=%2Fwp%2Fv2%2Fmedia&parent=1906"}],"wp:term":[{"taxonomy":"category","embeddable":true,"href":"https:\/\/viajecastelo.com.br\/index.php?rest_route=%2Fwp%2Fv2%2Fcategories&post=1906"},{"taxonomy":"post_tag","embeddable":true,"href":"https:\/\/viajecastelo.com.br\/index.php?rest_route=%2Fwp%2Fv2%2Ftags&post=1906"}],"curies":[{"name":"wp","href":"https:\/\/api.w.org\/{rel}","templated":true}]}}