{"id":1876,"date":"2019-01-08T10:26:39","date_gmt":"2019-01-08T12:26:39","guid":{"rendered":"http:\/\/viajecastelo.com.br\/?p=1876"},"modified":"2019-03-25T11:56:57","modified_gmt":"2019-03-25T14:56:57","slug":"vcb-promove-evento-de-final-de-ano-e-presenteia-colaboradores","status":"publish","type":"post","link":"https:\/\/viajecastelo.com.br\/?p=1876","title":{"rendered":"VCB promove evento de final de ano e presenteia colaboradores"},"content":{"rendered":"<p class=\"rich-content-viewer_text__XzvDs rich-content-viewer_elementSpacing__208Ie _3_7DB blog-post-text-font blog-post-text-color rich-content-viewer_justify__1iXso _3lTnu _3_7DB\">Para fechar 2018 com &#8220;chave de ouro&#8221;, a Via\u00e7\u00e3o Castelo Branco, atrav\u00e9s de sua diretoria, promoveu um dia de muita atividade para os colaboradores que durante todo o ano contribu\u00edram com o sucesso e crescimento da empresa. O evento aconteceu no dia 21 de dezembro na sede da Via\u00e7\u00e3o Castelo Branco, localizada no centro de Quatro Barras.<\/p>\n<p class=\"rich-content-viewer_text__XzvDs rich-content-viewer_elementSpacing__208Ie _3_7DB blog-post-text-font blog-post-text-color rich-content-viewer_justify__1iXso _3lTnu _3_7DB\">Mais de 300 pessoas participaram da a\u00e7\u00e3o, que teve a parceria do Servi\u00e7o Social de Transporte (Sest) e Servi\u00e7o Social de aprendizagem do Transporte (Senat) que ofereceu brindes ligados ao tema de &#8220;Preven\u00e7\u00e3o de Acidentes&#8221; e pela primeira vez empresas locais, que ofereceram vantagens aos funcion\u00e1rios da VCB e tamb\u00e9m aproveitaram para divulgarem seus neg\u00f3cios.<\/p>\n<p class=\"rich-content-viewer_text__XzvDs rich-content-viewer_elementSpacing__208Ie _3_7DB blog-post-text-font blog-post-text-color rich-content-viewer_justify__1iXso _3lTnu _3_7DB\">O foco da organiza\u00e7\u00e3o foi incentivar os participantes aos estudos com ofertas de qualifica\u00e7\u00e3o e gradua\u00e7\u00f5es, o cuidado com a sa\u00fade, tanto na preven\u00e7\u00e3o quanto no tratamento e no desenvolvimento pessoal e profissional. &#8220;Estamos cada vez mais em busca de oferecer al\u00e9m daquilo que a nossa empresa j\u00e1 oferece os seus colaboradores, essa \u00e9 a vis\u00e3o de toda diretoria&#8221; disse o gerente operacional Tiago Calistro de Souza.<\/p>\n<p class=\"rich-content-viewer_text__XzvDs rich-content-viewer_elementSpacing__208Ie _3_7DB blog-post-text-font blog-post-text-color rich-content-viewer_justify__1iXso _3lTnu _3_7DB\" style=\"text-align: left;\">No mesmo evento foram oferecido servi\u00e7os b\u00e1sicos aos trabalhadores de aferimento de press\u00e3o arterial, verifica\u00e7\u00e3o do n\u00edvel de a\u00e7\u00facar no sangue entre outros. Tamb\u00e9m foi dada instru\u00e7\u00f5es sobre a import\u00e2ncia da atividade f\u00edsica como forma de prevenir algumas doen\u00e7as e melhoria na qualidade de vida, refletindo assim tamb\u00e9m na atividade profissional.<\/p>\n<p class=\"rich-content-viewer_text__XzvDs rich-content-viewer_elementSpacing__208Ie _3_7DB blog-post-text-font blog-post-text-color rich-content-viewer_justify__1iXso _3lTnu _3_7DB\">Em entrevista concedida \u00e0 reportagem do Linkada News, a respons\u00e1vel pela gest\u00e3o da qualidade seguran\u00e7a do trabalho e meio ambiente da Via\u00e7\u00e3o Castelo Branco, Cristiane Ad\u00e3o afirmou que o evento teve o objetivo alcan\u00e7ado. &#8220;Conseguimos unir for\u00e7as e oferecer aos trabalhadores um dia inteiro de atividades, acrescentando o cuidado com a sa\u00fade e ainda distribui\u00e7\u00e3o de kits, brindes e cestas de Natal, al\u00e9m da boa parceria com as empresas da regi\u00e3o que incrementaram nossa a\u00e7\u00e3o&#8221; disse.<\/p>\n<p><img loading=\"lazy\" decoding=\"async\" class=\"wp-image-1878 aligncenter\" src=\"http:\/\/viajecastelo.com.br\/v_2018\/wp-content\/uploads\/2019\/01\/IMG_1083-300x200.jpg\" alt=\"\" width=\"663\" height=\"442\" srcset=\"https:\/\/viajecastelo.com.br\/v_2018\/wp-content\/uploads\/2019\/01\/IMG_1083-300x200.jpg 300w, https:\/\/viajecastelo.com.br\/v_2018\/wp-content\/uploads\/2019\/01\/IMG_1083-768x512.jpg 768w, https:\/\/viajecastelo.com.br\/v_2018\/wp-content\/uploads\/2019\/01\/IMG_1083-1024x683.jpg 1024w, https:\/\/viajecastelo.com.br\/v_2018\/wp-content\/uploads\/2019\/01\/IMG_1083-700x466.jpg 700w, https:\/\/viajecastelo.com.br\/v_2018\/wp-content\/uploads\/2019\/01\/IMG_1083-600x400.jpg 600w\" sizes=\"auto, (max-width: 663px) 100vw, 663px\" \/><\/p>\n","protected":false},"excerpt":{"rendered":"<p>Para fechar 2018 com &#8220;chave de ouro&#8221;, a Via\u00e7\u00e3o Castelo Branco, atrav\u00e9s de sua diretoria, promoveu um dia de muita atividade para os colaboradores que durante todo o ano contribu\u00edram com o sucesso e crescimento da empresa. O evento aconteceu no dia 21 de dezembro na sede da Via\u00e7\u00e3o Castelo Branco, localizada no centro de [&hellip;]<\/p>\n","protected":false},"author":2,"featured_media":1878,"comment_status":"open","ping_status":"open","sticky":false,"template":"","format":"gallery","meta":{"_monsterinsights_skip_tracking":false,"_monsterinsights_sitenote_active":false,"_monsterinsights_sitenote_note":"","_monsterinsights_sitenote_category":0,"footnotes":""},"categories":[65],"tags":[],"class_list":["post-1876","post","type-post","status-publish","format-gallery","has-post-thumbnail","hentry","category-noticias","post_format-post-format-gallery"],"_links":{"self":[{"href":"https:\/\/viajecastelo.com.br\/index.php?rest_route=\/wp\/v2\/posts\/1876","targetHints":{"allow":["GET"]}}],"collection":[{"href":"https:\/\/viajecastelo.com.br\/index.php?rest_route=\/wp\/v2\/posts"}],"about":[{"href":"https:\/\/viajecastelo.com.br\/index.php?rest_route=\/wp\/v2\/types\/post"}],"author":[{"embeddable":true,"href":"https:\/\/viajecastelo.com.br\/index.php?rest_route=\/wp\/v2\/users\/2"}],"replies":[{"embeddable":true,"href":"https:\/\/viajecastelo.com.br\/index.php?rest_route=%2Fwp%2Fv2%2Fcomments&post=1876"}],"version-history":[{"count":1,"href":"https:\/\/viajecastelo.com.br\/index.php?rest_route=\/wp\/v2\/posts\/1876\/revisions"}],"predecessor-version":[{"id":1883,"href":"https:\/\/viajecastelo.com.br\/index.php?rest_route=\/wp\/v2\/posts\/1876\/revisions\/1883"}],"wp:featuredmedia":[{"embeddable":true,"href":"https:\/\/viajecastelo.com.br\/index.php?rest_route=\/wp\/v2\/media\/1878"}],"wp:attachment":[{"href":"https:\/\/viajecastelo.com.br\/index.php?rest_route=%2Fwp%2Fv2%2Fmedia&parent=1876"}],"wp:term":[{"taxonomy":"category","embeddable":true,"href":"https:\/\/viajecastelo.com.br\/index.php?rest_route=%2Fwp%2Fv2%2Fcategories&post=1876"},{"taxonomy":"post_tag","embeddable":true,"href":"https:\/\/viajecastelo.com.br\/index.php?rest_route=%2Fwp%2Fv2%2Ftags&post=1876"}],"curies":[{"name":"wp","href":"https:\/\/api.w.org\/{rel}","templated":true}]}}