{"id":1865,"date":"2018-12-17T18:31:12","date_gmt":"2018-12-17T20:31:12","guid":{"rendered":"http:\/\/viajecastelo.com.br\/?p=1865"},"modified":"2019-03-25T11:56:57","modified_gmt":"2019-03-25T14:56:57","slug":"viacaocastelobrancodacontinuidadeemtreinamentosaoscolaboradores","status":"publish","type":"post","link":"https:\/\/viajecastelo.com.br\/?p=1865","title":{"rendered":"Via\u00e7\u00e3o Castelo Branco da continuidade em treinamentos aos colaboradores"},"content":{"rendered":"<div class=\"\" data-block=\"true\" data-editor=\"crgll\" data-offset-key=\"3csu1-0-0\">\n<div class=\"_1mf _1mj\" data-offset-key=\"3csu1-0-0\"><span data-offset-key=\"3csu1-0-0\">Em mais uma a\u00e7\u00e3o de treinamento cont\u00ednuo, promovido pela <\/span><span class=\"_247o\" spellcheck=\"false\" data-offset-key=\"3csu1-1-0\"><span data-offset-key=\"3csu1-1-0\">Via\u00e7\u00e3o Castelo Branco<\/span><\/span><span data-offset-key=\"3csu1-2-0\"> nos terminais da regi\u00e3o, os usu\u00e1rios puderam acompanhar e saber mais sobre as diretrizes dada pela diretoria da empresa sobre o padr\u00e3o de atendimento aos milhares de cidad\u00e3os diariamente. <\/span><\/div>\n<\/div>\n<div class=\"\" data-block=\"true\" data-editor=\"crgll\" data-offset-key=\"9t4kh-0-0\">\n<div class=\"_1mf _1mj\" data-offset-key=\"9t4kh-0-0\"><span data-offset-key=\"9t4kh-0-0\">\u00a0<\/span><\/div>\n<\/div>\n<div class=\"\" data-block=\"true\" data-editor=\"crgll\" data-offset-key=\"cpii0-0-0\">\n<div class=\"_1mf _1mj\" data-offset-key=\"cpii0-0-0\"><span data-offset-key=\"cpii0-0-0\">Completando sua 2\u00b0 Edi\u00e7\u00e3o, as a\u00e7\u00f5es aconteceram nos dias 28 de novembro no terminal do Jardim Paulista e no dia 13 de dezembro no terminal central de Quatro Barras, sendo uma extens\u00e3o das palestras e atividades realizadas durante todo o ano.\u00a0<\/span><\/div>\n<\/div>\n<div class=\"\" data-block=\"true\" data-editor=\"crgll\" data-offset-key=\"5kbg3-0-0\">\n<div class=\"_1mf _1mj\" data-offset-key=\"5kbg3-0-0\"><span data-offset-key=\"5kbg3-0-0\"><img loading=\"lazy\" decoding=\"async\" class=\"wp-image-1866 aligncenter\" src=\"http:\/\/viajecastelo.com.br\/v_2018\/wp-content\/uploads\/2018\/12\/cb0524ac-e373-4301-8207-3b70ea813f5e-300x191.jpg\" alt=\"\" width=\"550\" height=\"350\" srcset=\"https:\/\/viajecastelo.com.br\/v_2018\/wp-content\/uploads\/2018\/12\/cb0524ac-e373-4301-8207-3b70ea813f5e-300x191.jpg 300w, https:\/\/viajecastelo.com.br\/v_2018\/wp-content\/uploads\/2018\/12\/cb0524ac-e373-4301-8207-3b70ea813f5e-768x489.jpg 768w, https:\/\/viajecastelo.com.br\/v_2018\/wp-content\/uploads\/2018\/12\/cb0524ac-e373-4301-8207-3b70ea813f5e-600x382.jpg 600w, https:\/\/viajecastelo.com.br\/v_2018\/wp-content\/uploads\/2018\/12\/cb0524ac-e373-4301-8207-3b70ea813f5e.jpg 829w\" sizes=\"auto, (max-width: 550px) 100vw, 550px\" \/><\/span><\/div>\n<\/div>\n<div class=\"\" data-block=\"true\" data-editor=\"crgll\" data-offset-key=\"6bnh4-0-0\">\n<div class=\"_1mf _1mj\" data-offset-key=\"6bnh4-0-0\"><span data-offset-key=\"6bnh4-0-0\">Entre os assuntos abordados estiveram a cordialidade no tratamento e atendimento dos colaboradores aos usu\u00e1rios, bem como entre os pr\u00f3prios passageiros nos mais diversos assuntos corriqueiros dentro do coletivo.\u00a0<\/span><span style=\"font-size: 1rem;\">Para esta atividade, a VCB contou com o apoio dos artistas Adones e Marcos, que com bom humor interagiram com os usu\u00e1rios e conversando sobre temas relevantes do dia-a-dia.<\/span><\/div>\n<\/div>\n<div class=\"\" data-block=\"true\" data-editor=\"crgll\" data-offset-key=\"3t5m3-0-0\">\n<div class=\"_1mf _1mj\" data-offset-key=\"3t5m3-0-0\"><span data-offset-key=\"3t5m3-0-0\">\u00a0<\/span><\/div>\n<\/div>\n<div class=\"\" data-block=\"true\" data-editor=\"crgll\" data-offset-key=\"6p2n6-0-0\">\n<div class=\"_1mf _1mj\" data-offset-key=\"6p2n6-0-0\"><span data-offset-key=\"6p2n6-0-0\">&#8220;Estamos seguindo a risca o calend\u00e1rio de aperfei\u00e7oamento dos nossos funcion\u00e1rios, sempre com o objetivo claro de melhorar cada vez mais o atendimento&#8221; disse o gerente operacional Tiago Calistro de Souza.<\/span><\/div>\n<\/div>\n<div class=\"_1mf _1mj\" data-offset-key=\"90cng-0-0\">\n<figure id=\"attachment_1867\" aria-describedby=\"caption-attachment-1867\" style=\"width: 371px\" class=\"wp-caption aligncenter\"><img loading=\"lazy\" decoding=\"async\" class=\" wp-image-1867\" src=\"http:\/\/viajecastelo.com.br\/v_2018\/wp-content\/uploads\/2018\/12\/IMG_0709-300x200.jpg\" alt=\"\" width=\"371\" height=\"247\" srcset=\"https:\/\/viajecastelo.com.br\/v_2018\/wp-content\/uploads\/2018\/12\/IMG_0709-300x200.jpg 300w, https:\/\/viajecastelo.com.br\/v_2018\/wp-content\/uploads\/2018\/12\/IMG_0709-768x512.jpg 768w, https:\/\/viajecastelo.com.br\/v_2018\/wp-content\/uploads\/2018\/12\/IMG_0709-1024x683.jpg 1024w, https:\/\/viajecastelo.com.br\/v_2018\/wp-content\/uploads\/2018\/12\/IMG_0709-700x466.jpg 700w, https:\/\/viajecastelo.com.br\/v_2018\/wp-content\/uploads\/2018\/12\/IMG_0709-600x400.jpg 600w\" sizes=\"auto, (max-width: 371px) 100vw, 371px\" \/><figcaption id=\"caption-attachment-1867\" class=\"wp-caption-text\">Fotos: Luis Linkada e Chris Ad\u00e3o<\/figcaption><\/figure>\n<\/div>\n<div class=\"\" data-block=\"true\" data-editor=\"crgll\" data-offset-key=\"22c33-0-0\">\n<div class=\"_1mf _1mj\" data-offset-key=\"22c33-0-0\">Confira todas as fotos em\u00a0<strong>https:\/\/goo.gl\/JCTGyr<\/strong><\/div>\n<\/div>\n","protected":false},"excerpt":{"rendered":"<p>Em mais uma a\u00e7\u00e3o de treinamento cont\u00ednuo, promovido pela Via\u00e7\u00e3o Castelo Branco nos terminais da regi\u00e3o, os usu\u00e1rios puderam acompanhar e saber mais sobre as diretrizes dada pela diretoria da empresa sobre o padr\u00e3o de atendimento aos milhares de cidad\u00e3os diariamente. \u00a0 Completando sua 2\u00b0 Edi\u00e7\u00e3o, as a\u00e7\u00f5es aconteceram nos dias 28 de novembro no [&hellip;]<\/p>\n","protected":false},"author":2,"featured_media":1866,"comment_status":"open","ping_status":"open","sticky":false,"template":"","format":"image","meta":{"_monsterinsights_skip_tracking":false,"_monsterinsights_sitenote_active":false,"_monsterinsights_sitenote_note":"","_monsterinsights_sitenote_category":0,"footnotes":""},"categories":[65,1],"tags":[],"class_list":["post-1865","post","type-post","status-publish","format-image","has-post-thumbnail","hentry","category-noticias","category-sem-categoria","post_format-post-format-image"],"_links":{"self":[{"href":"https:\/\/viajecastelo.com.br\/index.php?rest_route=\/wp\/v2\/posts\/1865","targetHints":{"allow":["GET"]}}],"collection":[{"href":"https:\/\/viajecastelo.com.br\/index.php?rest_route=\/wp\/v2\/posts"}],"about":[{"href":"https:\/\/viajecastelo.com.br\/index.php?rest_route=\/wp\/v2\/types\/post"}],"author":[{"embeddable":true,"href":"https:\/\/viajecastelo.com.br\/index.php?rest_route=\/wp\/v2\/users\/2"}],"replies":[{"embeddable":true,"href":"https:\/\/viajecastelo.com.br\/index.php?rest_route=%2Fwp%2Fv2%2Fcomments&post=1865"}],"version-history":[{"count":7,"href":"https:\/\/viajecastelo.com.br\/index.php?rest_route=\/wp\/v2\/posts\/1865\/revisions"}],"predecessor-version":[{"id":1874,"href":"https:\/\/viajecastelo.com.br\/index.php?rest_route=\/wp\/v2\/posts\/1865\/revisions\/1874"}],"wp:featuredmedia":[{"embeddable":true,"href":"https:\/\/viajecastelo.com.br\/index.php?rest_route=\/wp\/v2\/media\/1866"}],"wp:attachment":[{"href":"https:\/\/viajecastelo.com.br\/index.php?rest_route=%2Fwp%2Fv2%2Fmedia&parent=1865"}],"wp:term":[{"taxonomy":"category","embeddable":true,"href":"https:\/\/viajecastelo.com.br\/index.php?rest_route=%2Fwp%2Fv2%2Fcategories&post=1865"},{"taxonomy":"post_tag","embeddable":true,"href":"https:\/\/viajecastelo.com.br\/index.php?rest_route=%2Fwp%2Fv2%2Ftags&post=1865"}],"curies":[{"name":"wp","href":"https:\/\/api.w.org\/{rel}","templated":true}]}}