{"id":1837,"date":"2018-08-06T13:35:26","date_gmt":"2018-08-06T16:35:26","guid":{"rendered":"http:\/\/viajecastelo.com.br\/?p=1837"},"modified":"2019-03-25T11:56:57","modified_gmt":"2019-03-25T14:56:57","slug":"viacao-castelo-branco-lanca-campanha-ser-sustentavel-e-ser-coletivo","status":"publish","type":"post","link":"https:\/\/viajecastelo.com.br\/?p=1837","title":{"rendered":"Via\u00e7\u00e3o Castelo Branco lan\u00e7a campanha &#8220;Ser Sustent\u00e1vel \u00e9 Ser Coletivo&#8221;"},"content":{"rendered":"<p>Com intuito de conscientizar e incentivar as pessoas em utilizar o transporte p\u00fablico, como forma de contribuir com um melhor meio ambiente, a dire\u00e7\u00e3o da Via\u00e7\u00e3o Castelo Branco, atrav\u00e9s do seu departamento de comunica\u00e7\u00e3o, lan\u00e7a a campanha &#8220;Ser Sustent\u00e1vel \u00e9 Ser Coletivo&#8221;.<\/p>\n<p>Durante todo o m\u00eas de agosto, ser\u00e3o veiculadas mat\u00e9rias e artigos sobre o tema, tanto no site oficial quanto nas redes sociais da empresa, informando os cidad\u00e3os e usu\u00e1rios sobre a import\u00e2ncia do tema, bem como, buscar efetivamente mais adeptos ao uso do \u00f4nibus como forma de locomo\u00e7\u00e3o.<\/p>\n<p>&nbsp;<\/p>\n","protected":false},"excerpt":{"rendered":"<p>Com intuito de conscientizar e incentivar as pessoas em utilizar o transporte p\u00fablico, como forma de contribuir com um melhor meio ambiente, a dire\u00e7\u00e3o da Via\u00e7\u00e3o Castelo Branco, atrav\u00e9s do seu departamento de comunica\u00e7\u00e3o, lan\u00e7a a campanha &#8220;Ser Sustent\u00e1vel \u00e9 Ser Coletivo&#8221;. Durante todo o m\u00eas de agosto, ser\u00e3o veiculadas mat\u00e9rias e artigos sobre o [&hellip;]<\/p>\n","protected":false},"author":2,"featured_media":1835,"comment_status":"open","ping_status":"open","sticky":false,"template":"","format":"gallery","meta":{"_monsterinsights_skip_tracking":false,"_monsterinsights_sitenote_active":false,"_monsterinsights_sitenote_note":"","_monsterinsights_sitenote_category":0,"footnotes":""},"categories":[65],"tags":[],"class_list":["post-1837","post","type-post","status-publish","format-gallery","has-post-thumbnail","hentry","category-noticias","post_format-post-format-gallery"],"_links":{"self":[{"href":"https:\/\/viajecastelo.com.br\/index.php?rest_route=\/wp\/v2\/posts\/1837","targetHints":{"allow":["GET"]}}],"collection":[{"href":"https:\/\/viajecastelo.com.br\/index.php?rest_route=\/wp\/v2\/posts"}],"about":[{"href":"https:\/\/viajecastelo.com.br\/index.php?rest_route=\/wp\/v2\/types\/post"}],"author":[{"embeddable":true,"href":"https:\/\/viajecastelo.com.br\/index.php?rest_route=\/wp\/v2\/users\/2"}],"replies":[{"embeddable":true,"href":"https:\/\/viajecastelo.com.br\/index.php?rest_route=%2Fwp%2Fv2%2Fcomments&post=1837"}],"version-history":[{"count":1,"href":"https:\/\/viajecastelo.com.br\/index.php?rest_route=\/wp\/v2\/posts\/1837\/revisions"}],"predecessor-version":[{"id":1841,"href":"https:\/\/viajecastelo.com.br\/index.php?rest_route=\/wp\/v2\/posts\/1837\/revisions\/1841"}],"wp:featuredmedia":[{"embeddable":true,"href":"https:\/\/viajecastelo.com.br\/index.php?rest_route=\/wp\/v2\/media\/1835"}],"wp:attachment":[{"href":"https:\/\/viajecastelo.com.br\/index.php?rest_route=%2Fwp%2Fv2%2Fmedia&parent=1837"}],"wp:term":[{"taxonomy":"category","embeddable":true,"href":"https:\/\/viajecastelo.com.br\/index.php?rest_route=%2Fwp%2Fv2%2Fcategories&post=1837"},{"taxonomy":"post_tag","embeddable":true,"href":"https:\/\/viajecastelo.com.br\/index.php?rest_route=%2Fwp%2Fv2%2Ftags&post=1837"}],"curies":[{"name":"wp","href":"https:\/\/api.w.org\/{rel}","templated":true}]}}